{"id":6698,"date":"2022-08-29T20:59:50","date_gmt":"2022-08-29T18:59:50","guid":{"rendered":"https:\/\/fdp-aktiv.de\/blog\/?p=6698"},"modified":"2022-08-29T20:59:50","modified_gmt":"2022-08-29T18:59:50","slug":"baden-wuerttemberg-us-generalkonsul-scharpf-im-dialog-mit-dr-ruelke","status":"publish","type":"post","link":"https:\/\/fdp-aktiv.de\/blog\/2022\/08\/29\/baden-wuerttemberg-us-generalkonsul-scharpf-im-dialog-mit-dr-ruelke\/","title":{"rendered":"Baden-W\u00fcrttemberg: US-Generalkonsul Scharpf im Dialog mit Dr. R\u00fclke"},"content":{"rendered":"<p>Zu aktuellen politischen Themen hat sich der amerikanische Diplomat mit dem FDP-Fraktionsvorsitzenden im Landtag in Stuttgart ausgetauscht<\/p>\n<figure id=\"attachment_1526\" aria-describedby=\"caption-attachment-1526\" style=\"width: 800px\" class=\"wp-caption aligncenter\"><a href=\"https:\/\/fdp-aktiv.de\/blog\/wp-content\/uploads\/2021\/06\/Dr._Hans_Ulrich_Ruelke_FDP_BW.jpg\"><img loading=\"lazy\" decoding=\"async\" class=\"size-large wp-image-1526\" src=\"https:\/\/fdp-aktiv.de\/blog\/wp-content\/uploads\/2021\/06\/Dr._Hans_Ulrich_Ruelke_FDP_BW-1024x682.jpg\" alt=\"Dr. Hans Ulrich R\u00fclke\" width=\"800\" height=\"533\" srcset=\"https:\/\/fdp-aktiv.de\/blog\/wp-content\/uploads\/2021\/06\/Dr._Hans_Ulrich_Ruelke_FDP_BW-1024x682.jpg 1024w, https:\/\/fdp-aktiv.de\/blog\/wp-content\/uploads\/2021\/06\/Dr._Hans_Ulrich_Ruelke_FDP_BW-300x200.jpg 300w, https:\/\/fdp-aktiv.de\/blog\/wp-content\/uploads\/2021\/06\/Dr._Hans_Ulrich_Ruelke_FDP_BW-768x512.jpg 768w, https:\/\/fdp-aktiv.de\/blog\/wp-content\/uploads\/2021\/06\/Dr._Hans_Ulrich_Ruelke_FDP_BW.jpg 1030w\" sizes=\"auto, (max-width: 800px) 100vw, 800px\" \/><\/a><figcaption id=\"caption-attachment-1526\" class=\"wp-caption-text\">Dr. Hans Ulrich R\u00fclke<\/figcaption><\/figure>\n<p>Zu einem intensiven Austausch traf sich der Generalkonsul im US-Generalkonsulat Frankfurt,\u00a0Norman Thatcher Scharpf, mit dem Vorsitzenden der baden-w\u00fcrttembergischen FDP-Landtagsfraktion,\u00a0Dr. Hans-Ulrich R\u00fclke, heute in Stuttgart. Im Mittelpunkt des Dialogs standen aktuelle politische Herausforderungen im Land, aber auch auf Bundesebene.<\/p>\n<p>Die Gespr\u00e4chspartner sprachen insbesondere \u00fcber die wirtschaftlichen Auswirkungen des Kriegs in der Ukraine und die notwendige Versorgungssicherheit f\u00fcr die B\u00fcrgerinnen und B\u00fcrger, aber auch f\u00fcr die vielen Unternehmen im Land. Diese Themen bestimmten auch die Agenda in der baden-w\u00fcrttembergischen Landespolitik, da man aufgrund der Exportst\u00e4rke des Landes die Probleme im Welthandel besonders hart zu sp\u00fcren bek\u00e4me. Auch der Strukturwandel der hiesigen Industrie und die Zukunft des Wirtschaftsstandortes Baden-W\u00fcrttemberg wurden thematisiert, wobei beide Gespr\u00e4chspartner die besondere Bedeutung von verl\u00e4sslichen transatlantischen Beziehungen und Partnerschaften f\u00fcr den deutschen S\u00fcdwesten betonten.<\/p>\n<p>Nach dem Gespr\u00e4ch sagte der Vorsitzende der FDP-Landtagsfraktion,\u00a0Dr. Hans-Ulrich R\u00fclke:<\/p>\n<p>\u201eIch freue mich, dass der Generalkonsul sich die Zeit genommen hat f\u00fcr einen gleicherma\u00dfen offenen wie intensiven Austausch zu den dr\u00e4ngenden Themen, die die Menschen im S\u00fcdwesten bewegen.\u201c<\/p>\n<p>&nbsp;<\/p>\n<p>&nbsp;<\/p>\n<p>&nbsp;<\/p>\n<p>&nbsp;<\/p>\n","protected":false},"excerpt":{"rendered":"<p>Zu aktuellen politischen Themen hat sich der amerikanische Diplomat mit dem FDP-Fraktionsvorsitzenden im Landtag in Stuttgart ausgetauscht Zu einem intensiven Austausch traf sich der Generalkonsul im US-Generalkonsulat Frankfurt,\u00a0Norman Thatcher Scharpf, [&#8230;]<\/p>\n","protected":false},"author":1,"featured_media":0,"comment_status":"open","ping_status":"closed","sticky":false,"template":"","format":"standard","meta":{"footnotes":""},"categories":[5],"tags":[2615,842,650,1198,23],"class_list":["post-6698","post","type-post","status-publish","format-standard","hentry","category-aussenpolitik","tag-diplomat","tag-dr-hans-ulrich-ruelke","tag-fdp-dvp","tag-ukraine","tag-usa"],"_links":{"self":[{"href":"https:\/\/fdp-aktiv.de\/blog\/wp-json\/wp\/v2\/posts\/6698","targetHints":{"allow":["GET"]}}],"collection":[{"href":"https:\/\/fdp-aktiv.de\/blog\/wp-json\/wp\/v2\/posts"}],"about":[{"href":"https:\/\/fdp-aktiv.de\/blog\/wp-json\/wp\/v2\/types\/post"}],"author":[{"embeddable":true,"href":"https:\/\/fdp-aktiv.de\/blog\/wp-json\/wp\/v2\/users\/1"}],"replies":[{"embeddable":true,"href":"https:\/\/fdp-aktiv.de\/blog\/wp-json\/wp\/v2\/comments?post=6698"}],"version-history":[{"count":1,"href":"https:\/\/fdp-aktiv.de\/blog\/wp-json\/wp\/v2\/posts\/6698\/revisions"}],"predecessor-version":[{"id":6699,"href":"https:\/\/fdp-aktiv.de\/blog\/wp-json\/wp\/v2\/posts\/6698\/revisions\/6699"}],"wp:attachment":[{"href":"https:\/\/fdp-aktiv.de\/blog\/wp-json\/wp\/v2\/media?parent=6698"}],"wp:term":[{"taxonomy":"category","embeddable":true,"href":"https:\/\/fdp-aktiv.de\/blog\/wp-json\/wp\/v2\/categories?post=6698"},{"taxonomy":"post_tag","embeddable":true,"href":"https:\/\/fdp-aktiv.de\/blog\/wp-json\/wp\/v2\/tags?post=6698"}],"curies":[{"name":"wp","href":"https:\/\/api.w.org\/{rel}","templated":true}]}}