{"id":6700,"date":"2022-08-29T21:07:00","date_gmt":"2022-08-29T19:07:00","guid":{"rendered":"https:\/\/fdp-aktiv.de\/blog\/?p=6700"},"modified":"2022-08-29T21:07:00","modified_gmt":"2022-08-29T19:07:00","slug":"schleswig-holstein-bernd-buchholz-das-9-euro-ticket-war-eine-einmalige-aktion","status":"publish","type":"post","link":"https:\/\/fdp-aktiv.de\/blog\/2022\/08\/29\/schleswig-holstein-bernd-buchholz-das-9-euro-ticket-war-eine-einmalige-aktion\/","title":{"rendered":"Schleswig-Holstein &#8211; Bernd Buchholz: Das 9-Euro-Ticket war eine einmalige Aktion"},"content":{"rendered":"<p>Zu den unterschiedlichen Positionen der Koalition zum 9-Euro-Ticket erkl\u00e4rt der verkehrspolitische Sprecher der FDP-Landtagsfraktion,\u00a0Bernd Buchholz:<\/p>\n<figure id=\"attachment_5437\" aria-describedby=\"caption-attachment-5437\" style=\"width: 800px\" class=\"wp-caption aligncenter\"><a href=\"https:\/\/fdp-aktiv.de\/blog\/wp-content\/uploads\/2022\/05\/Bernd_Buchholz.jpg\"><img loading=\"lazy\" decoding=\"async\" class=\"size-large wp-image-5437\" src=\"https:\/\/fdp-aktiv.de\/blog\/wp-content\/uploads\/2022\/05\/Bernd_Buchholz-1024x1024.jpg\" alt=\"\" width=\"800\" height=\"800\" srcset=\"https:\/\/fdp-aktiv.de\/blog\/wp-content\/uploads\/2022\/05\/Bernd_Buchholz-1024x1024.jpg 1024w, https:\/\/fdp-aktiv.de\/blog\/wp-content\/uploads\/2022\/05\/Bernd_Buchholz-300x300.jpg 300w, https:\/\/fdp-aktiv.de\/blog\/wp-content\/uploads\/2022\/05\/Bernd_Buchholz-150x150.jpg 150w, https:\/\/fdp-aktiv.de\/blog\/wp-content\/uploads\/2022\/05\/Bernd_Buchholz-768x768.jpg 768w, https:\/\/fdp-aktiv.de\/blog\/wp-content\/uploads\/2022\/05\/Bernd_Buchholz-400x400.jpg 400w, https:\/\/fdp-aktiv.de\/blog\/wp-content\/uploads\/2022\/05\/Bernd_Buchholz.jpg 1440w\" sizes=\"auto, (max-width: 800px) 100vw, 800px\" \/><\/a><figcaption id=\"caption-attachment-5437\" class=\"wp-caption-text\">Dr. Bernd Buchholz<\/figcaption><\/figure>\n<p>\u201eW\u00e4hrend der Verkehrsstaatssekret\u00e4r im Verkehrspolitischen Beirat erkl\u00e4rt, dass die Landesregierung an der Tarifergiebigkeit festh\u00e4lt und sich somit gegen eine Fortf\u00fchrung des 9-Euro-Tickets ausspricht, l\u00e4uft die verkehrspolitische Sprecherin der Gr\u00fcnen, Nelly Waldeck, schnurstracks in die entgegengesetzte Richtung. Bemerkenswert ist dabei, dass Frau Waldeck in der Sitzung des Beirats dabei war und dem Staatssekret\u00e4r eigentlich zugeh\u00f6rt haben m\u00fcsste. Entweder h\u00f6rt man sich innerhalb der Koalition nicht zu oder jeder macht einfach, was er will.<\/p>\n<p>Wir bleiben dabei: Das 9-Euro-Ticket war eine einmalige Marketingaktion f\u00fcr den \u00d6PNV. Jetzt muss es darum gehen, die Steuergelder zielgerichtet einzusetzen und den Nahverkehr durch Investitionen in Infrastruktur, Qualit\u00e4t und Angebotsausweitungen attraktiver zu machen. Die billigsten Tickets bringen ja wenig, wenn das Angebot nicht passt.\u201c<\/p>\n<p>&nbsp;<\/p>\n<p>&nbsp;<\/p>\n","protected":false},"excerpt":{"rendered":"<p>Zu den unterschiedlichen Positionen der Koalition zum 9-Euro-Ticket erkl\u00e4rt der verkehrspolitische Sprecher der FDP-Landtagsfraktion,\u00a0Bernd Buchholz: \u201eW\u00e4hrend der Verkehrsstaatssekret\u00e4r im Verkehrspolitischen Beirat erkl\u00e4rt, dass die Landesregierung an der Tarifergiebigkeit festh\u00e4lt und [&#8230;]<\/p>\n","protected":false},"author":1,"featured_media":0,"comment_status":"open","ping_status":"closed","sticky":false,"template":"","format":"standard","meta":{"footnotes":""},"categories":[144],"tags":[2155,484,814],"class_list":["post-6700","post","type-post","status-publish","format-standard","hentry","category-verkehr-innenpolitik","tag-9-euro-ticket","tag-bernd-buchholz","tag-fdp-lsh"],"_links":{"self":[{"href":"https:\/\/fdp-aktiv.de\/blog\/wp-json\/wp\/v2\/posts\/6700","targetHints":{"allow":["GET"]}}],"collection":[{"href":"https:\/\/fdp-aktiv.de\/blog\/wp-json\/wp\/v2\/posts"}],"about":[{"href":"https:\/\/fdp-aktiv.de\/blog\/wp-json\/wp\/v2\/types\/post"}],"author":[{"embeddable":true,"href":"https:\/\/fdp-aktiv.de\/blog\/wp-json\/wp\/v2\/users\/1"}],"replies":[{"embeddable":true,"href":"https:\/\/fdp-aktiv.de\/blog\/wp-json\/wp\/v2\/comments?post=6700"}],"version-history":[{"count":1,"href":"https:\/\/fdp-aktiv.de\/blog\/wp-json\/wp\/v2\/posts\/6700\/revisions"}],"predecessor-version":[{"id":6701,"href":"https:\/\/fdp-aktiv.de\/blog\/wp-json\/wp\/v2\/posts\/6700\/revisions\/6701"}],"wp:attachment":[{"href":"https:\/\/fdp-aktiv.de\/blog\/wp-json\/wp\/v2\/media?parent=6700"}],"wp:term":[{"taxonomy":"category","embeddable":true,"href":"https:\/\/fdp-aktiv.de\/blog\/wp-json\/wp\/v2\/categories?post=6700"},{"taxonomy":"post_tag","embeddable":true,"href":"https:\/\/fdp-aktiv.de\/blog\/wp-json\/wp\/v2\/tags?post=6700"}],"curies":[{"name":"wp","href":"https:\/\/api.w.org\/{rel}","templated":true}]}}