{"id":6702,"date":"2022-08-29T21:11:03","date_gmt":"2022-08-29T19:11:03","guid":{"rendered":"https:\/\/fdp-aktiv.de\/blog\/?p=6702"},"modified":"2022-09-16T16:22:33","modified_gmt":"2022-09-16T14:22:33","slug":"sachsen-anhalt-fdp-fraktionschef-silbersack-gratuliert-neuem-cdu-fraktionsvorsitzenden-zur-wahl","status":"publish","type":"post","link":"https:\/\/fdp-aktiv.de\/blog\/2022\/08\/29\/sachsen-anhalt-fdp-fraktionschef-silbersack-gratuliert-neuem-cdu-fraktionsvorsitzenden-zur-wahl\/","title":{"rendered":"Sachsen-Anhalt &#8211; FDP-Fraktionschef Silbersack gratuliert neuem CDU-Fraktionsvorsitzenden zur Wahl"},"content":{"rendered":"<figure id=\"attachment_3673\" aria-describedby=\"caption-attachment-3673\" style=\"width: 1000px\" class=\"wp-caption aligncenter\"><a href=\"https:\/\/fdp-aktiv.de\/blog\/wp-content\/uploads\/2021\/12\/Andreas-Silbersack-Pressefoto-1.jpg\"><img loading=\"lazy\" decoding=\"async\" class=\"size-full wp-image-3673\" src=\"https:\/\/fdp-aktiv.de\/blog\/wp-content\/uploads\/2021\/12\/Andreas-Silbersack-Pressefoto-1.jpg\" alt=\"\" width=\"1000\" height=\"667\" srcset=\"https:\/\/fdp-aktiv.de\/blog\/wp-content\/uploads\/2021\/12\/Andreas-Silbersack-Pressefoto-1.jpg 1000w, https:\/\/fdp-aktiv.de\/blog\/wp-content\/uploads\/2021\/12\/Andreas-Silbersack-Pressefoto-1-300x200.jpg 300w, https:\/\/fdp-aktiv.de\/blog\/wp-content\/uploads\/2021\/12\/Andreas-Silbersack-Pressefoto-1-768x512.jpg 768w\" sizes=\"auto, (max-width: 1000px) 100vw, 1000px\" \/><\/a><figcaption id=\"caption-attachment-3673\" class=\"wp-caption-text\">Andreas Silbersack &#8211; Pressefoto 1<\/figcaption><\/figure>\n<p>Zur Wahl des Abgeordneten Guido Heuer zum Vorsitzenden der CDU-Fraktion im Landtag von Sachsen-Anhalt sagte FDP-Fraktionschef Andreas Silbersack am Montag in Magdeburg: \u201eIch gratuliere Guido Heuer herzlich zu seiner Wahl zum Fraktionsvorsitzenden der CDU. Wir als Freie Demokraten setzen darauf, mit der Union und der SPD die vertrauensvolle, verl\u00e4ssliche Zusammenarbeit in der Deutschlandkoalition f\u00fcr unser Land erfolgreich im Sinne Sachsen-Anhalts und der Menschen im Land fortzusetzen. Wir stehen vor gewaltigen Herausforderungen, die wir gemeinsam mit vollem Elan anpacken und L\u00f6sungen f\u00fcr die Menschen und Unternehmen im Land anpacken m\u00fcssen. Gleichzeitig danke ich dem bisherigen CDU-Fraktionsvorsitzenden Siegfried Borgwardt herzlich f\u00fcr die gute und vertrauensvolle Zusammenarbeit im zur\u00fcckliegenden ersten Jahr der Deutschlandkoalition.\u201c<\/p>\n<p>&nbsp;<\/p>\n","protected":false},"excerpt":{"rendered":"<p>Zur Wahl des Abgeordneten Guido Heuer zum Vorsitzenden der CDU-Fraktion im Landtag von Sachsen-Anhalt sagte FDP-Fraktionschef Andreas Silbersack am Montag in Magdeburg: \u201eIch gratuliere Guido Heuer herzlich zu seiner Wahl [&#8230;]<\/p>\n","protected":false},"author":1,"featured_media":0,"comment_status":"open","ping_status":"closed","sticky":false,"template":"","format":"standard","meta":{"footnotes":""},"categories":[6],"tags":[1706,857],"class_list":["post-6702","post","type-post","status-publish","format-standard","hentry","category-politik","tag-andreas-silbersack","tag-fdp-lsa"],"_links":{"self":[{"href":"https:\/\/fdp-aktiv.de\/blog\/wp-json\/wp\/v2\/posts\/6702","targetHints":{"allow":["GET"]}}],"collection":[{"href":"https:\/\/fdp-aktiv.de\/blog\/wp-json\/wp\/v2\/posts"}],"about":[{"href":"https:\/\/fdp-aktiv.de\/blog\/wp-json\/wp\/v2\/types\/post"}],"author":[{"embeddable":true,"href":"https:\/\/fdp-aktiv.de\/blog\/wp-json\/wp\/v2\/users\/1"}],"replies":[{"embeddable":true,"href":"https:\/\/fdp-aktiv.de\/blog\/wp-json\/wp\/v2\/comments?post=6702"}],"version-history":[{"count":1,"href":"https:\/\/fdp-aktiv.de\/blog\/wp-json\/wp\/v2\/posts\/6702\/revisions"}],"predecessor-version":[{"id":6703,"href":"https:\/\/fdp-aktiv.de\/blog\/wp-json\/wp\/v2\/posts\/6702\/revisions\/6703"}],"wp:attachment":[{"href":"https:\/\/fdp-aktiv.de\/blog\/wp-json\/wp\/v2\/media?parent=6702"}],"wp:term":[{"taxonomy":"category","embeddable":true,"href":"https:\/\/fdp-aktiv.de\/blog\/wp-json\/wp\/v2\/categories?post=6702"},{"taxonomy":"post_tag","embeddable":true,"href":"https:\/\/fdp-aktiv.de\/blog\/wp-json\/wp\/v2\/tags?post=6702"}],"curies":[{"name":"wp","href":"https:\/\/api.w.org\/{rel}","templated":true}]}}