{"id":6949,"date":"2022-09-17T09:00:49","date_gmt":"2022-09-17T07:00:49","guid":{"rendered":"https:\/\/fdp-aktiv.de\/blog\/?p=6949"},"modified":"2022-09-17T09:00:49","modified_gmt":"2022-09-17T07:00:49","slug":"niedersachsen-statement-marco-genthe-zur-heutigen-uebergabe-von-katastrophenschutzfahrzeugen","status":"publish","type":"post","link":"https:\/\/fdp-aktiv.de\/blog\/2022\/09\/17\/niedersachsen-statement-marco-genthe-zur-heutigen-uebergabe-von-katastrophenschutzfahrzeugen\/","title":{"rendered":"Niedersachsen &#8211; Statement Marco Genthe zur heutigen \u00dcbergabe von Katastrophenschutzfahrzeugen"},"content":{"rendered":"<p>zu der heutigen \u00dcbergabe von Einsatzfahrzeugen f\u00fcr den Katastrophenschutz und die Danksagung von Innenminister Pistorius an die nieders\u00e4chsischen Einsatzkr\u00e4fte sagt der innenpolitische Sprecher der nieders\u00e4chsischen FDP-Landtagsfraktion, Marco Genthe:<\/p>\n<figure id=\"attachment_2399\" aria-describedby=\"caption-attachment-2399\" style=\"width: 414px\" class=\"wp-caption aligncenter\"><a href=\"https:\/\/fdp-aktiv.de\/blog\/wp-content\/uploads\/2021\/09\/Genthe_750x422-1001.png\"><img loading=\"lazy\" decoding=\"async\" class=\"size-full wp-image-2399\" src=\"https:\/\/fdp-aktiv.de\/blog\/wp-content\/uploads\/2021\/09\/Genthe_750x422-1001.png\" alt=\"Marco Genthe\" width=\"414\" height=\"233\" srcset=\"https:\/\/fdp-aktiv.de\/blog\/wp-content\/uploads\/2021\/09\/Genthe_750x422-1001.png 414w, https:\/\/fdp-aktiv.de\/blog\/wp-content\/uploads\/2021\/09\/Genthe_750x422-1001-300x169.png 300w\" sizes=\"auto, (max-width: 414px) 100vw, 414px\" \/><\/a><figcaption id=\"caption-attachment-2399\" class=\"wp-caption-text\">Marco Genthe<\/figcaption><\/figure>\n<p>\u201eNach zehn Jahren unter Innenminister Pistorius ist die Katastrophenvorsorge in Niedersachsen in einem desolaten Zustand &#8211; daran \u00e4ndert auch die heutige \u00dcbergabe einiger Einsatzfahrzeuge nichts.\u00a0Die jahrelange Unterfinanzierung mit lediglich 1,6 Mio statt der notwendigen 6 Mio Euro hat den Katastrophenschutz in Niedersachsen massiv besch\u00e4digt.\u00a0Das Durchschnittsalter von Katastrophenschutzfahrzeugen liegt in manchen Kommunen deutlich \u00fcber 20 Jahre.\u00a0Auch auf ausreichende Katastrophenschutz-\u00dcbungen hat Minister Pistorius keinen Wert gelegt. Der Bev\u00f6lkerungsschutz in Niedersachsen muss wieder eine deutlich h\u00f6here Priorit\u00e4t bekommen.\u201c<\/p>\n","protected":false},"excerpt":{"rendered":"<p>zu der heutigen \u00dcbergabe von Einsatzfahrzeugen f\u00fcr den Katastrophenschutz und die Danksagung von Innenminister Pistorius an die nieders\u00e4chsischen Einsatzkr\u00e4fte sagt der innenpolitische Sprecher der nieders\u00e4chsischen FDP-Landtagsfraktion, Marco Genthe: \u201eNach zehn [&#8230;]<\/p>\n","protected":false},"author":1,"featured_media":0,"comment_status":"open","ping_status":"closed","sticky":false,"template":"","format":"standard","meta":{"footnotes":""},"categories":[249],"tags":[2677,638,1222,1429],"class_list":["post-6949","post","type-post","status-publish","format-standard","hentry","category-umwelt","tag-fahrzeuge","tag-fdp-nds","tag-katastrophenschutz","tag-marco-genthe"],"_links":{"self":[{"href":"https:\/\/fdp-aktiv.de\/blog\/wp-json\/wp\/v2\/posts\/6949","targetHints":{"allow":["GET"]}}],"collection":[{"href":"https:\/\/fdp-aktiv.de\/blog\/wp-json\/wp\/v2\/posts"}],"about":[{"href":"https:\/\/fdp-aktiv.de\/blog\/wp-json\/wp\/v2\/types\/post"}],"author":[{"embeddable":true,"href":"https:\/\/fdp-aktiv.de\/blog\/wp-json\/wp\/v2\/users\/1"}],"replies":[{"embeddable":true,"href":"https:\/\/fdp-aktiv.de\/blog\/wp-json\/wp\/v2\/comments?post=6949"}],"version-history":[{"count":1,"href":"https:\/\/fdp-aktiv.de\/blog\/wp-json\/wp\/v2\/posts\/6949\/revisions"}],"predecessor-version":[{"id":6950,"href":"https:\/\/fdp-aktiv.de\/blog\/wp-json\/wp\/v2\/posts\/6949\/revisions\/6950"}],"wp:attachment":[{"href":"https:\/\/fdp-aktiv.de\/blog\/wp-json\/wp\/v2\/media?parent=6949"}],"wp:term":[{"taxonomy":"category","embeddable":true,"href":"https:\/\/fdp-aktiv.de\/blog\/wp-json\/wp\/v2\/categories?post=6949"},{"taxonomy":"post_tag","embeddable":true,"href":"https:\/\/fdp-aktiv.de\/blog\/wp-json\/wp\/v2\/tags?post=6949"}],"curies":[{"name":"wp","href":"https:\/\/api.w.org\/{rel}","templated":true}]}}