{"id":7236,"date":"2022-10-01T09:43:10","date_gmt":"2022-10-01T07:43:10","guid":{"rendered":"https:\/\/fdp-aktiv.de\/blog\/?p=7236"},"modified":"2023-06-15T05:22:00","modified_gmt":"2023-06-15T03:22:00","slug":"sachsen-anhalt-silbersack-fdp-bedrohten-unternehmen-weiter-beistehen","status":"publish","type":"post","link":"https:\/\/fdp-aktiv.de\/blog\/2022\/10\/01\/sachsen-anhalt-silbersack-fdp-bedrohten-unternehmen-weiter-beistehen\/","title":{"rendered":"Sachsen-Anhalt &#8211; Silbersack (FDP): &#8220;Bedrohten Unternehmen weiter beistehen&#8221;"},"content":{"rendered":"<h2>Ende des Energiekostend\u00e4mpfungsprogramms am 30. September \/ Schnelle Anschlussl\u00f6sung gefordert<\/h2>\n<figure id=\"attachment_3673\" aria-describedby=\"caption-attachment-3673\" style=\"width: 1000px\" class=\"wp-caption aligncenter\"><a href=\"https:\/\/fdp-aktiv.de\/blog\/wp-content\/uploads\/2021\/12\/Andreas-Silbersack-Pressefoto-1.jpg\"><img loading=\"lazy\" decoding=\"async\" class=\"size-full wp-image-3673\" src=\"https:\/\/fdp-aktiv.de\/blog\/wp-content\/uploads\/2021\/12\/Andreas-Silbersack-Pressefoto-1.jpg\" alt=\"\" width=\"1000\" height=\"667\" srcset=\"https:\/\/fdp-aktiv.de\/blog\/wp-content\/uploads\/2021\/12\/Andreas-Silbersack-Pressefoto-1.jpg 1000w, https:\/\/fdp-aktiv.de\/blog\/wp-content\/uploads\/2021\/12\/Andreas-Silbersack-Pressefoto-1-300x200.jpg 300w, https:\/\/fdp-aktiv.de\/blog\/wp-content\/uploads\/2021\/12\/Andreas-Silbersack-Pressefoto-1-768x512.jpg 768w\" sizes=\"auto, (max-width: 1000px) 100vw, 1000px\" \/><\/a><figcaption id=\"caption-attachment-3673\" class=\"wp-caption-text\">Andreas Silbersack &#8211; Pressefoto 1<\/figcaption><\/figure>\n<p>Sachsen-Anhalts FDP-Fraktionschef Andreas Silbersack fordert eine z\u00fcgige Weiterf\u00fchrung des Energiekostend\u00e4mpfungsprogramms f\u00fcr Unternehmen durch die Bundesregierung.\u00a0&#8220;Das Programm endet mit dem 30. September. Das bedeutet, vorerst k\u00f6nnen energieintensive Unternehmen in Not keine Finanzhilfen mehr beantragen&#8221;, so Silbersack.<\/p>\n<p>&#8220;Wir wissen, dass zahlreiche Unternehmen auch in Sachsen-Anhalt durch die Energiekosten stark gef\u00e4hrdet sind. Wir brauchen m\u00f6glichst eine nahtlose Unterst\u00fctzung der Firmen angesichts der au\u00dfergew\u00f6hnlich hohen Belastung durch die galoppierenden Preise f\u00fcr Strom und Gas, ob Handwerker oder Industrieunternehmen.\u00a0Bereits eine Verdoppelung der Energiekosten bedroht viele Unternehmen, die die Kosten nicht vollst\u00e4ndig weitergeben k\u00f6nnen, in ihrer Existenz&#8221;, erkl\u00e4rte Silbersack weiter: &#8220;Die Koalition in Berlin hat Entschlossenheit gezeigt und vereinbart, das Programm in erweiterter Form fortzusetzen. Das muss nun umgehend in die Tat umgesetzt werden, um die jetzt entstehende L\u00fccke zu schlie\u00dfen und den Unternehmen die notwendige Sicherheit zu geben. Wer jetzt aufgeben muss, kann auch zuk\u00fcnftig keine Steuern zahlen. Deshalb ist es v\u00f6llig richtig, dass der Staat diesen Unternehmen jetzt beisteht.&#8221;<\/p>\n","protected":false},"excerpt":{"rendered":"<p>Ende des Energiekostend\u00e4mpfungsprogramms am 30. September \/ Schnelle Anschlussl\u00f6sung gefordert Sachsen-Anhalts FDP-Fraktionschef Andreas Silbersack fordert eine z\u00fcgige Weiterf\u00fchrung des Energiekostend\u00e4mpfungsprogramms f\u00fcr Unternehmen durch die Bundesregierung.\u00a0&#8220;Das Programm endet mit dem 30. [&#8230;]<\/p>\n","protected":false},"author":1,"featured_media":0,"comment_status":"open","ping_status":"closed","sticky":false,"template":"","format":"standard","meta":{"footnotes":""},"categories":[1979,8],"tags":[1706,2516,857],"class_list":["post-7236","post","type-post","status-publish","format-standard","hentry","category-energie","category-wirtschaft","tag-andreas-silbersack","tag-energiekrise","tag-fdp-lsa"],"_links":{"self":[{"href":"https:\/\/fdp-aktiv.de\/blog\/wp-json\/wp\/v2\/posts\/7236","targetHints":{"allow":["GET"]}}],"collection":[{"href":"https:\/\/fdp-aktiv.de\/blog\/wp-json\/wp\/v2\/posts"}],"about":[{"href":"https:\/\/fdp-aktiv.de\/blog\/wp-json\/wp\/v2\/types\/post"}],"author":[{"embeddable":true,"href":"https:\/\/fdp-aktiv.de\/blog\/wp-json\/wp\/v2\/users\/1"}],"replies":[{"embeddable":true,"href":"https:\/\/fdp-aktiv.de\/blog\/wp-json\/wp\/v2\/comments?post=7236"}],"version-history":[{"count":1,"href":"https:\/\/fdp-aktiv.de\/blog\/wp-json\/wp\/v2\/posts\/7236\/revisions"}],"predecessor-version":[{"id":7237,"href":"https:\/\/fdp-aktiv.de\/blog\/wp-json\/wp\/v2\/posts\/7236\/revisions\/7237"}],"wp:attachment":[{"href":"https:\/\/fdp-aktiv.de\/blog\/wp-json\/wp\/v2\/media?parent=7236"}],"wp:term":[{"taxonomy":"category","embeddable":true,"href":"https:\/\/fdp-aktiv.de\/blog\/wp-json\/wp\/v2\/categories?post=7236"},{"taxonomy":"post_tag","embeddable":true,"href":"https:\/\/fdp-aktiv.de\/blog\/wp-json\/wp\/v2\/tags?post=7236"}],"curies":[{"name":"wp","href":"https:\/\/api.w.org\/{rel}","templated":true}]}}