{"id":7238,"date":"2022-10-01T09:49:04","date_gmt":"2022-10-01T07:49:04","guid":{"rendered":"https:\/\/fdp-aktiv.de\/blog\/?p=7238"},"modified":"2022-10-01T09:49:04","modified_gmt":"2022-10-01T07:49:04","slug":"berlin-stefan-foerster-zur-kostenexplosion-bei-der-komischen-oper","status":"publish","type":"post","link":"https:\/\/fdp-aktiv.de\/blog\/2022\/10\/01\/berlin-stefan-foerster-zur-kostenexplosion-bei-der-komischen-oper\/","title":{"rendered":"BERLIN: Stefan F\u00f6rster zur Kostenexplosion bei der Komischen Oper:"},"content":{"rendered":"<figure id=\"attachment_7239\" aria-describedby=\"caption-attachment-7239\" style=\"width: 800px\" class=\"wp-caption aligncenter\"><a href=\"https:\/\/fdp-aktiv.de\/blog\/wp-content\/uploads\/2022\/10\/Stefan-Foerster-scaled.jpg\"><img loading=\"lazy\" decoding=\"async\" class=\"size-large wp-image-7239\" src=\"https:\/\/fdp-aktiv.de\/blog\/wp-content\/uploads\/2022\/10\/Stefan-Foerster-1024x682.jpg\" alt=\"Stefan F\u00f6rster\" width=\"800\" height=\"533\" srcset=\"https:\/\/fdp-aktiv.de\/blog\/wp-content\/uploads\/2022\/10\/Stefan-Foerster-1024x682.jpg 1024w, https:\/\/fdp-aktiv.de\/blog\/wp-content\/uploads\/2022\/10\/Stefan-Foerster-300x200.jpg 300w, https:\/\/fdp-aktiv.de\/blog\/wp-content\/uploads\/2022\/10\/Stefan-Foerster-768x511.jpg 768w, https:\/\/fdp-aktiv.de\/blog\/wp-content\/uploads\/2022\/10\/Stefan-Foerster-1536x1022.jpg 1536w, https:\/\/fdp-aktiv.de\/blog\/wp-content\/uploads\/2022\/10\/Stefan-Foerster-2048x1363.jpg 2048w\" sizes=\"auto, (max-width: 800px) 100vw, 800px\" \/><\/a><figcaption id=\"caption-attachment-7239\" class=\"wp-caption-text\">Stefan F\u00f6rster<\/figcaption><\/figure>\n<p>&#8220;<em>Die Komische Oper droht zum neuen BER zu werden. Die Verdoppelung der Kosten auf 437 Millionen Euro ist eine Katastrophe mit Ansage. Berlin kann einfach keine Gro\u00dfprojekte planen und kontrollieren. Dass die Bauverwaltung das Parlament \u00fcber die Kostenexplosion nicht informiert hat, ist ein schwerer Vertrauensbruch gegen\u00fcber dem Haushaltsgesetzgeber. Die Planungen sollten jetzt angehalten und zun\u00e4chst ein Kassensturz gemacht werden. Dann muss entschieden werden, ob Berlin sich in diesen Zeiten ein neues Bauprojekt leisten will, das am Ende ein Fass ohne Boden wird. Sollte es weitere Tricksereien gegeben haben, ist ein neuer Untersuchungsausschuss unausweichlich &#8211; wie es ihn bereits bei den aus dem Ruder gelaufenen Baukosten bei der Staatsoper gab.&#8221;<\/em><\/p>\n","protected":false},"excerpt":{"rendered":"<p>&#8220;Die Komische Oper droht zum neuen BER zu werden. Die Verdoppelung der Kosten auf 437 Millionen Euro ist eine Katastrophe mit Ansage. Berlin kann einfach keine Gro\u00dfprojekte planen und kontrollieren. [&#8230;]<\/p>\n","protected":false},"author":1,"featured_media":0,"comment_status":"open","ping_status":"closed","sticky":false,"template":"","format":"standard","meta":{"footnotes":""},"categories":[55],"tags":[2460,706,2737,765],"class_list":["post-7238","post","type-post","status-publish","format-standard","hentry","category-finanzen","tag-baukosten","tag-fdp-berlin","tag-oper","tag-stefan-foerster"],"_links":{"self":[{"href":"https:\/\/fdp-aktiv.de\/blog\/wp-json\/wp\/v2\/posts\/7238","targetHints":{"allow":["GET"]}}],"collection":[{"href":"https:\/\/fdp-aktiv.de\/blog\/wp-json\/wp\/v2\/posts"}],"about":[{"href":"https:\/\/fdp-aktiv.de\/blog\/wp-json\/wp\/v2\/types\/post"}],"author":[{"embeddable":true,"href":"https:\/\/fdp-aktiv.de\/blog\/wp-json\/wp\/v2\/users\/1"}],"replies":[{"embeddable":true,"href":"https:\/\/fdp-aktiv.de\/blog\/wp-json\/wp\/v2\/comments?post=7238"}],"version-history":[{"count":1,"href":"https:\/\/fdp-aktiv.de\/blog\/wp-json\/wp\/v2\/posts\/7238\/revisions"}],"predecessor-version":[{"id":7240,"href":"https:\/\/fdp-aktiv.de\/blog\/wp-json\/wp\/v2\/posts\/7238\/revisions\/7240"}],"wp:attachment":[{"href":"https:\/\/fdp-aktiv.de\/blog\/wp-json\/wp\/v2\/media?parent=7238"}],"wp:term":[{"taxonomy":"category","embeddable":true,"href":"https:\/\/fdp-aktiv.de\/blog\/wp-json\/wp\/v2\/categories?post=7238"},{"taxonomy":"post_tag","embeddable":true,"href":"https:\/\/fdp-aktiv.de\/blog\/wp-json\/wp\/v2\/tags?post=7238"}],"curies":[{"name":"wp","href":"https:\/\/api.w.org\/{rel}","templated":true}]}}