{"id":7241,"date":"2022-10-01T09:52:40","date_gmt":"2022-10-01T07:52:40","guid":{"rendered":"https:\/\/fdp-aktiv.de\/blog\/?p=7241"},"modified":"2022-10-01T09:52:40","modified_gmt":"2022-10-01T07:52:40","slug":"hessen-rock-jetzt-ist-ein-schulterschluss-der-demokratischen-mitte-erforderlich","status":"publish","type":"post","link":"https:\/\/fdp-aktiv.de\/blog\/2022\/10\/01\/hessen-rock-jetzt-ist-ein-schulterschluss-der-demokratischen-mitte-erforderlich\/","title":{"rendered":"Hessen &#8211; ROCK: Jetzt ist ein Schulterschluss der demokratischen Mitte erforderlich"},"content":{"rendered":"<div class=\"clearfix text-formatted field field--name-body field--type-text-with-summary field--label-hidden field__item\">\n<ul>\n<li><strong>Land und Menschen m\u00fcssen gut durch den Winter kommen<\/strong><\/li>\n<li><strong>Energiepreisbremse ist wichtiger Schritt<\/strong><\/li>\n<li><strong>Freie Demokraten bieten Landesregierung Zusammenarbeit an<\/strong><\/li>\n<\/ul>\n<figure id=\"attachment_1137\" aria-describedby=\"caption-attachment-1137\" style=\"width: 800px\" class=\"wp-caption aligncenter\"><a href=\"https:\/\/fdp-aktiv.de\/blog\/wp-content\/uploads\/2021\/04\/Rene_Rock.jpg\"><img loading=\"lazy\" decoding=\"async\" class=\"size-large wp-image-1137\" src=\"https:\/\/fdp-aktiv.de\/blog\/wp-content\/uploads\/2021\/04\/Rene_Rock-1024x684.jpg\" alt=\"Rene Rock\" width=\"800\" height=\"534\" srcset=\"https:\/\/fdp-aktiv.de\/blog\/wp-content\/uploads\/2021\/04\/Rene_Rock-1024x684.jpg 1024w, https:\/\/fdp-aktiv.de\/blog\/wp-content\/uploads\/2021\/04\/Rene_Rock-300x200.jpg 300w, https:\/\/fdp-aktiv.de\/blog\/wp-content\/uploads\/2021\/04\/Rene_Rock-768x513.jpg 768w, https:\/\/fdp-aktiv.de\/blog\/wp-content\/uploads\/2021\/04\/Rene_Rock.jpg 1400w\" sizes=\"auto, (max-width: 800px) 100vw, 800px\" \/><\/a><figcaption id=\"caption-attachment-1137\" class=\"wp-caption-text\">Rene Rock<\/figcaption><\/figure>\n<p>Ren\u00e9 ROCK, Fraktionsvorsitzender der Freien Demokraten im Hessischen Landtag, hat zur Zusammenarbeit in der Krisenpolitik aufgerufen. \u201eNicht nur Bund und L\u00e4nder, sondern auch Regierung und Opposition m\u00fcssen an einem Strang ziehen, um die Folgen des russischen Angriffskriegs auf die Ukraine zu bew\u00e4ltigen. Jetzt ist ein genereller Schulterschluss notwendig. Gemeinsames Ziel aller Akteurinnen und Akteure muss es sein, dass das Land und die Menschen gut durch den Winter kommen\u201c, erkl\u00e4rt Rock mit Blick auf Energiekrise und steigende Preise. \u201eEin wichtiger Schritt wurde jetzt auf Bundesebene mit der Energiepreisbremse gemacht, aber auch Hessen muss seinen Beitrag leisten. In der aktuellen Krisensituation sollte es selbstverst\u00e4ndlich sein, dass die Parteien der demokratischen Mitte konstruktiv miteinander arbeiten. Schlie\u00dflich erwarten die Menschen L\u00f6sungen f\u00fcr ihre Probleme und keine Profilierungen. Umso entt\u00e4uschender ist es, dass die Landesregierung zum heutigen Sozialgipfel die Opposition nicht eingeladen hat. Wir Freie Demokraten sind jedenfalls gern zur Mitarbeit bereit. Es geht nicht darum, dass sich Boris Rhein als Retter inszeniert, sondern darum, dass den B\u00fcrgerinnen und B\u00fcrgern geholfen wird.\u201c<\/p>\n<p>Verwundert zeigt sich Rock dar\u00fcber, dass die Krisenbew\u00e4ltigung sich bislang nicht im Haushalt widerspiegelt. \u201eBislang wurde offenbar keinerlei Vorsorge f\u00fcr die Energiekrise und Entlastungspakete getroffen. Das w\u00e4re viel wichtiger gewesen als einen Doppelhaushalt aufzustellen, der in Krisenzeiten kein geeignetes Instrument ist\u201c, erkl\u00e4rt Rock.<\/p>\n<\/div>\n","protected":false},"excerpt":{"rendered":"<p>Land und Menschen m\u00fcssen gut durch den Winter kommen Energiepreisbremse ist wichtiger Schritt Freie Demokraten bieten Landesregierung Zusammenarbeit an Ren\u00e9 ROCK, Fraktionsvorsitzender der Freien Demokraten im Hessischen Landtag, hat zur [&#8230;]<\/p>\n","protected":false},"author":1,"featured_media":0,"comment_status":"open","ping_status":"closed","sticky":false,"template":"","format":"standard","meta":{"footnotes":""},"categories":[1979,6],"tags":[2738,635,634],"class_list":["post-7241","post","type-post","status-publish","format-standard","hentry","category-energie","category-politik","tag-energiepreisbremse","tag-fdp-hessen","tag-rene-rock"],"_links":{"self":[{"href":"https:\/\/fdp-aktiv.de\/blog\/wp-json\/wp\/v2\/posts\/7241","targetHints":{"allow":["GET"]}}],"collection":[{"href":"https:\/\/fdp-aktiv.de\/blog\/wp-json\/wp\/v2\/posts"}],"about":[{"href":"https:\/\/fdp-aktiv.de\/blog\/wp-json\/wp\/v2\/types\/post"}],"author":[{"embeddable":true,"href":"https:\/\/fdp-aktiv.de\/blog\/wp-json\/wp\/v2\/users\/1"}],"replies":[{"embeddable":true,"href":"https:\/\/fdp-aktiv.de\/blog\/wp-json\/wp\/v2\/comments?post=7241"}],"version-history":[{"count":1,"href":"https:\/\/fdp-aktiv.de\/blog\/wp-json\/wp\/v2\/posts\/7241\/revisions"}],"predecessor-version":[{"id":7242,"href":"https:\/\/fdp-aktiv.de\/blog\/wp-json\/wp\/v2\/posts\/7241\/revisions\/7242"}],"wp:attachment":[{"href":"https:\/\/fdp-aktiv.de\/blog\/wp-json\/wp\/v2\/media?parent=7241"}],"wp:term":[{"taxonomy":"category","embeddable":true,"href":"https:\/\/fdp-aktiv.de\/blog\/wp-json\/wp\/v2\/categories?post=7241"},{"taxonomy":"post_tag","embeddable":true,"href":"https:\/\/fdp-aktiv.de\/blog\/wp-json\/wp\/v2\/tags?post=7241"}],"curies":[{"name":"wp","href":"https:\/\/api.w.org\/{rel}","templated":true}]}}