{"id":7243,"date":"2022-10-01T09:55:14","date_gmt":"2022-10-01T07:55:14","guid":{"rendered":"https:\/\/fdp-aktiv.de\/blog\/?p=7243"},"modified":"2022-10-13T19:57:26","modified_gmt":"2022-10-13T17:57:26","slug":"schleswig-holstein-christopher-vogt-die-gaspreisbremse-muss-buerger-und-unternehmen-schnell-entlasten","status":"publish","type":"post","link":"https:\/\/fdp-aktiv.de\/blog\/2022\/10\/01\/schleswig-holstein-christopher-vogt-die-gaspreisbremse-muss-buerger-und-unternehmen-schnell-entlasten\/","title":{"rendered":"Schleswig-Holstein &#8211; Christopher Vogt: Die Gaspreisbremse muss B\u00fcrger und Unternehmen schnell entlasten"},"content":{"rendered":"<div class=\"clearfix text-formatted field field--name-body field--type-text-with-summary field--label-hidden field__item\">\n<p>Zum heute von der Bundesregierung vorgestellten Abwehrschirm f\u00fcr eine Gaspreisbremse erkl\u00e4rt der Vorsitzende der FDP-Landtagsfraktion, <strong>Christopher Vogt<\/strong>:<\/p>\n<figure id=\"attachment_2668\" aria-describedby=\"caption-attachment-2668\" style=\"width: 800px\" class=\"wp-caption aligncenter\"><a href=\"https:\/\/fdp-aktiv.de\/blog\/wp-content\/uploads\/2021\/09\/Fdp2022.jpg\"><img loading=\"lazy\" decoding=\"async\" class=\"size-large wp-image-2668\" src=\"https:\/\/fdp-aktiv.de\/blog\/wp-content\/uploads\/2021\/09\/Fdp2022-1024x683.jpg\" alt=\"Vogt\" width=\"800\" height=\"534\" srcset=\"https:\/\/fdp-aktiv.de\/blog\/wp-content\/uploads\/2021\/09\/Fdp2022-1024x683.jpg 1024w, https:\/\/fdp-aktiv.de\/blog\/wp-content\/uploads\/2021\/09\/Fdp2022-300x200.jpg 300w, https:\/\/fdp-aktiv.de\/blog\/wp-content\/uploads\/2021\/09\/Fdp2022-768x512.jpg 768w, https:\/\/fdp-aktiv.de\/blog\/wp-content\/uploads\/2021\/09\/Fdp2022-1536x1024.jpg 1536w, https:\/\/fdp-aktiv.de\/blog\/wp-content\/uploads\/2021\/09\/Fdp2022-2048x1366.jpg 2048w\" sizes=\"auto, (max-width: 800px) 100vw, 800px\" \/><\/a><figcaption id=\"caption-attachment-2668\" class=\"wp-caption-text\">Christopher Vogt<br \/>Freie Demokraten FDP<br \/>Beisitzer im Bundesvorstand<br \/>Vorsitzender der FDP-Fraktion im Schleswig-Holsteinischen Landtag<\/figcaption><\/figure>\n<p>\u201eSoziale Verwerfungen und ein erheblicher Verlust der wirtschaftlichen Substanz unseres Landes m\u00fcssen verhindert werden. Die Gaspreisbremse der Bundesregierung muss die B\u00fcrger und die Unternehmen jetzt schnell massiv entlasten. Es geht um sehr viel Steuergeld, aber der Sonderfonds ist das beste Instrument, um an der finanzpolitischen Stabilit\u00e4t Deutschlands keine Zweifel aufkommen zu lassen. Die Inflation muss effektiv gebremst, unsere Wirtschaft am Laufen gehalten und der Euro stabilisiert werden. Russland muss mit seinem perfiden Plan zur Schw\u00e4chung Europas scheitern. Robert Habeck und die Gr\u00fcnen m\u00fcssen aber auch endlich ihren ideologischen Widerstand gegen l\u00e4ngere Laufzeiten aller bestehenden Kernkraftwerke aufgeben. Es versteht doch kein Mensch mehr, warum der Import franz\u00f6sischen Atomstroms besser sein soll als die Produktion im eigenen Land. Die beste Preisbremse ist schlie\u00dflich die schnelle Erh\u00f6hung des Angebotes.\u201c<\/p>\n<\/div>\n","protected":false},"excerpt":{"rendered":"<p>Zum heute von der Bundesregierung vorgestellten Abwehrschirm f\u00fcr eine Gaspreisbremse erkl\u00e4rt der Vorsitzende der FDP-Landtagsfraktion, Christopher Vogt: \u201eSoziale Verwerfungen und ein erheblicher Verlust der wirtschaftlichen Substanz unseres Landes m\u00fcssen verhindert [&#8230;]<\/p>\n","protected":false},"author":1,"featured_media":0,"comment_status":"open","ping_status":"closed","sticky":false,"template":"","format":"standard","meta":{"footnotes":""},"categories":[1979],"tags":[599,2516,814,2714],"class_list":["post-7243","post","type-post","status-publish","format-standard","hentry","category-energie","tag-christopher-vogt","tag-energiekrise","tag-fdp-lsh","tag-gaspreisbremse"],"_links":{"self":[{"href":"https:\/\/fdp-aktiv.de\/blog\/wp-json\/wp\/v2\/posts\/7243","targetHints":{"allow":["GET"]}}],"collection":[{"href":"https:\/\/fdp-aktiv.de\/blog\/wp-json\/wp\/v2\/posts"}],"about":[{"href":"https:\/\/fdp-aktiv.de\/blog\/wp-json\/wp\/v2\/types\/post"}],"author":[{"embeddable":true,"href":"https:\/\/fdp-aktiv.de\/blog\/wp-json\/wp\/v2\/users\/1"}],"replies":[{"embeddable":true,"href":"https:\/\/fdp-aktiv.de\/blog\/wp-json\/wp\/v2\/comments?post=7243"}],"version-history":[{"count":1,"href":"https:\/\/fdp-aktiv.de\/blog\/wp-json\/wp\/v2\/posts\/7243\/revisions"}],"predecessor-version":[{"id":7244,"href":"https:\/\/fdp-aktiv.de\/blog\/wp-json\/wp\/v2\/posts\/7243\/revisions\/7244"}],"wp:attachment":[{"href":"https:\/\/fdp-aktiv.de\/blog\/wp-json\/wp\/v2\/media?parent=7243"}],"wp:term":[{"taxonomy":"category","embeddable":true,"href":"https:\/\/fdp-aktiv.de\/blog\/wp-json\/wp\/v2\/categories?post=7243"},{"taxonomy":"post_tag","embeddable":true,"href":"https:\/\/fdp-aktiv.de\/blog\/wp-json\/wp\/v2\/tags?post=7243"}],"curies":[{"name":"wp","href":"https:\/\/api.w.org\/{rel}","templated":true}]}}