{"id":7255,"date":"2022-10-05T10:22:34","date_gmt":"2022-10-05T08:22:34","guid":{"rendered":"https:\/\/fdp-aktiv.de\/blog\/?p=7255"},"modified":"2022-10-05T11:00:09","modified_gmt":"2022-10-05T09:00:09","slug":"thueringen-konkrete-hilfsangebote-sind-wichtiger-als-ein-maulkorberlass-fuer-die-gemein","status":"publish","type":"post","link":"https:\/\/fdp-aktiv.de\/blog\/2022\/10\/05\/thueringen-konkrete-hilfsangebote-sind-wichtiger-als-ein-maulkorberlass-fuer-die-gemein\/","title":{"rendered":"Th\u00fcringen: Konkrete Hilfsangebote sind wichtiger als ein Maulkorberlass f\u00fcr die Gemein"},"content":{"rendered":"<div class=\"clearfix text-formatted field field--name-body field--type-text-with-summary field--label-hidden field__item\">\n<p><strong>Dirk Bergner: Rundschreiben des Th\u00fcringer Innenministeriums sorgt f\u00fcr Irritationen<\/strong><\/p>\n<figure id=\"attachment_4231\" aria-describedby=\"caption-attachment-4231\" style=\"width: 790px\" class=\"wp-caption aligncenter\"><a href=\"https:\/\/fdp-aktiv.de\/blog\/wp-content\/uploads\/2022\/02\/717.jpg\"><img loading=\"lazy\" decoding=\"async\" class=\"size-full wp-image-4231\" src=\"https:\/\/fdp-aktiv.de\/blog\/wp-content\/uploads\/2022\/02\/717.jpg\" alt=\"\" width=\"790\" height=\"700\" srcset=\"https:\/\/fdp-aktiv.de\/blog\/wp-content\/uploads\/2022\/02\/717.jpg 790w, https:\/\/fdp-aktiv.de\/blog\/wp-content\/uploads\/2022\/02\/717-300x266.jpg 300w, https:\/\/fdp-aktiv.de\/blog\/wp-content\/uploads\/2022\/02\/717-768x681.jpg 768w\" sizes=\"auto, (max-width: 790px) 100vw, 790px\" \/><\/a><figcaption id=\"caption-attachment-4231\" class=\"wp-caption-text\">FDP-Fraktion, Dirk Bergner<\/figcaption><\/figure>\n<p>\u201eF\u00fcr Praktiker schwer verst\u00e4ndlich, wenig n\u00fctzlich und somit nicht zielf\u00fchrend!\u201c So bewertet Dirk Bergner, Innenpolitiker der FDP im Th\u00fcringer Landtag, ein Rundschreiben des Th\u00fcringer Innenministeriums an alle Gemeinden und Landkreise. In dem dreiseitigen Papier werden sie belehrt, ob und inwieweit sie sich zu Ma\u00dfnahmen des Bundes im Zusammenhang mit dem Krieg in der Ukraine und der Energieversorgung \u00e4u\u00dfern d\u00fcrfen.<\/p>\n<p>\u201eWenn jetzt das Ministerium versucht, einen Maulkorberlass zu verh\u00e4ngen, hat es die Zeichen der Zeit nicht verstanden. Es ist zwar nicht falsch, Kommunen darauf aufmerksam zu machen, wof\u00fcr sie zust\u00e4ndig sind. Aber gerade in Krisenzeiten gilt es, eine gewisse Gelassenheit zu bewahren und nicht noch \u00d6l ins Feuer zu gie\u00dfen. Stattdessen w\u00fcnsche ich mir ein Rundschreiben des Innenministeriums, in dem es ganz konkret auflistet, wie es den Kommunen in diesen Zeiten ganz konkret helfen kann und m\u00f6chte.\u201c<\/p>\n<\/div>\n","protected":false},"excerpt":{"rendered":"<p>Dirk Bergner: Rundschreiben des Th\u00fcringer Innenministeriums sorgt f\u00fcr Irritationen \u201eF\u00fcr Praktiker schwer verst\u00e4ndlich, wenig n\u00fctzlich und somit nicht zielf\u00fchrend!\u201c So bewertet Dirk Bergner, Innenpolitiker der FDP im Th\u00fcringer Landtag, ein [&#8230;]<\/p>\n","protected":false},"author":1,"featured_media":0,"comment_status":"open","ping_status":"closed","sticky":false,"template":"","format":"standard","meta":{"footnotes":""},"categories":[6],"tags":[446,2516,669,2742,1198],"class_list":["post-7255","post","type-post","status-publish","format-standard","hentry","category-politik","tag-dirk-bergner","tag-energiekrise","tag-fdp-thueringen","tag-maulkorb","tag-ukraine"],"_links":{"self":[{"href":"https:\/\/fdp-aktiv.de\/blog\/wp-json\/wp\/v2\/posts\/7255","targetHints":{"allow":["GET"]}}],"collection":[{"href":"https:\/\/fdp-aktiv.de\/blog\/wp-json\/wp\/v2\/posts"}],"about":[{"href":"https:\/\/fdp-aktiv.de\/blog\/wp-json\/wp\/v2\/types\/post"}],"author":[{"embeddable":true,"href":"https:\/\/fdp-aktiv.de\/blog\/wp-json\/wp\/v2\/users\/1"}],"replies":[{"embeddable":true,"href":"https:\/\/fdp-aktiv.de\/blog\/wp-json\/wp\/v2\/comments?post=7255"}],"version-history":[{"count":1,"href":"https:\/\/fdp-aktiv.de\/blog\/wp-json\/wp\/v2\/posts\/7255\/revisions"}],"predecessor-version":[{"id":7256,"href":"https:\/\/fdp-aktiv.de\/blog\/wp-json\/wp\/v2\/posts\/7255\/revisions\/7256"}],"wp:attachment":[{"href":"https:\/\/fdp-aktiv.de\/blog\/wp-json\/wp\/v2\/media?parent=7255"}],"wp:term":[{"taxonomy":"category","embeddable":true,"href":"https:\/\/fdp-aktiv.de\/blog\/wp-json\/wp\/v2\/categories?post=7255"},{"taxonomy":"post_tag","embeddable":true,"href":"https:\/\/fdp-aktiv.de\/blog\/wp-json\/wp\/v2\/tags?post=7255"}],"curies":[{"name":"wp","href":"https:\/\/api.w.org\/{rel}","templated":true}]}}