{"id":7267,"date":"2022-10-05T17:37:10","date_gmt":"2022-10-05T15:37:10","guid":{"rendered":"https:\/\/fdp-aktiv.de\/blog\/?p=7267"},"modified":"2022-10-05T17:37:10","modified_gmt":"2022-10-05T15:37:10","slug":"silbersack-fdp-vorgezogener-kohleausstieg-in-sachsen-anhalt-indiskutabel","status":"publish","type":"post","link":"https:\/\/fdp-aktiv.de\/blog\/2022\/10\/05\/silbersack-fdp-vorgezogener-kohleausstieg-in-sachsen-anhalt-indiskutabel\/","title":{"rendered":"Silbersack (FDP): Vorgezogener Kohleausstieg in Sachsen-Anhalt indiskutabel&#8221;"},"content":{"rendered":"<h2 id=\"id-20221005PM85-FraktionschefderLiberalenkritisiertPl\u00e4nef\u00fcrvorfristigesAbschalteninNRW\">Fraktionschef der Liberalen kritisiert Pl\u00e4ne f\u00fcr vorfristiges Abschalten in NRW<\/h2>\n<figure id=\"attachment_3673\" aria-describedby=\"caption-attachment-3673\" style=\"width: 1000px\" class=\"wp-caption aligncenter\"><a href=\"https:\/\/fdp-aktiv.de\/blog\/wp-content\/uploads\/2021\/12\/Andreas-Silbersack-Pressefoto-1.jpg\"><img loading=\"lazy\" decoding=\"async\" class=\"size-full wp-image-3673\" src=\"https:\/\/fdp-aktiv.de\/blog\/wp-content\/uploads\/2021\/12\/Andreas-Silbersack-Pressefoto-1.jpg\" alt=\"\" width=\"1000\" height=\"667\" srcset=\"https:\/\/fdp-aktiv.de\/blog\/wp-content\/uploads\/2021\/12\/Andreas-Silbersack-Pressefoto-1.jpg 1000w, https:\/\/fdp-aktiv.de\/blog\/wp-content\/uploads\/2021\/12\/Andreas-Silbersack-Pressefoto-1-300x200.jpg 300w, https:\/\/fdp-aktiv.de\/blog\/wp-content\/uploads\/2021\/12\/Andreas-Silbersack-Pressefoto-1-768x512.jpg 768w\" sizes=\"auto, (max-width: 1000px) 100vw, 1000px\" \/><\/a><figcaption id=\"caption-attachment-3673\" class=\"wp-caption-text\">Andreas Silbersack &#8211; Pressefoto 1<\/figcaption><\/figure>\n<p>Die FDP-Landtagsfraktion stellt sich klar gegen einen auf 2030 vorgezogenen Kohleausstieg in Sachsen-Anhalt. &#8220;Das ist f\u00fcr uns indiskutabel&#8221;, sagte Andreas Silbersack, Vorsitzender und energiepolitischer Sprecher der Liberalen im Magdeburger Landtag am Mittwoch. Gesetzlich verankert ist der Ausstieg im Jahr 2038.<\/p>\n<p>\u201eDer jetzt vereinbarte vorzeitige Kohleausstieg in Nordrhein-Westfalen bereits 2030\u00a0ist ein falsches Signal an die M\u00e4rkte zur falschen Zeit. Die Forderung der Gr\u00fcnen versch\u00e4rft doch nur die sowieso schon angespannte Lage an den Energiem\u00e4rkten, sorgt f\u00fcr zus\u00e4tzliche Spekulation und f\u00fchrt damit zu h\u00f6heren Preisen. Politische Koppelgesch\u00e4fte dieser Art sind angesichts der Herausforderungen schlichtweg nicht angemessen\u201c, sagte Silbersack.<\/p>\n<p>Weiter erkl\u00e4rte der FDP-Fraktionschef: \u201eEs z\u00e4hlt doch jetzt, pragmatisch Versorgungssicherheit zu garantieren und gerade in diesen Zeiten nicht auch noch die Kohleabschaltung vorziehen zu wollen, w\u00e4hrend Atomkraftwerke vom Netz gehen sollen. Das Ziel, 80 Prozent des Stroms bis 2030 durch erneuerbare Energien zu produzieren und das bei steigendem Strombedarf ist ein sehr ehrgeiziges Ziel. Ein verfr\u00fchtes Abschalten k\u00f6nnte zu erh\u00f6hten Abh\u00e4ngigkeiten von Gas f\u00fchren. Was eine solche Abh\u00e4ngigkeit bedeuten kann, erleben wir gerade jetzt.\u201c<\/p>\n","protected":false},"excerpt":{"rendered":"<p>Fraktionschef der Liberalen kritisiert Pl\u00e4ne f\u00fcr vorfristiges Abschalten in NRW Die FDP-Landtagsfraktion stellt sich klar gegen einen auf 2030 vorgezogenen Kohleausstieg in Sachsen-Anhalt. &#8220;Das ist f\u00fcr uns indiskutabel&#8221;, sagte Andreas [&#8230;]<\/p>\n","protected":false},"author":1,"featured_media":0,"comment_status":"open","ping_status":"closed","sticky":false,"template":"","format":"standard","meta":{"footnotes":""},"categories":[1979],"tags":[1706,857,1295],"class_list":["post-7267","post","type-post","status-publish","format-standard","hentry","category-energie","tag-andreas-silbersack","tag-fdp-lsa","tag-kohleausstieg"],"_links":{"self":[{"href":"https:\/\/fdp-aktiv.de\/blog\/wp-json\/wp\/v2\/posts\/7267","targetHints":{"allow":["GET"]}}],"collection":[{"href":"https:\/\/fdp-aktiv.de\/blog\/wp-json\/wp\/v2\/posts"}],"about":[{"href":"https:\/\/fdp-aktiv.de\/blog\/wp-json\/wp\/v2\/types\/post"}],"author":[{"embeddable":true,"href":"https:\/\/fdp-aktiv.de\/blog\/wp-json\/wp\/v2\/users\/1"}],"replies":[{"embeddable":true,"href":"https:\/\/fdp-aktiv.de\/blog\/wp-json\/wp\/v2\/comments?post=7267"}],"version-history":[{"count":1,"href":"https:\/\/fdp-aktiv.de\/blog\/wp-json\/wp\/v2\/posts\/7267\/revisions"}],"predecessor-version":[{"id":7268,"href":"https:\/\/fdp-aktiv.de\/blog\/wp-json\/wp\/v2\/posts\/7267\/revisions\/7268"}],"wp:attachment":[{"href":"https:\/\/fdp-aktiv.de\/blog\/wp-json\/wp\/v2\/media?parent=7267"}],"wp:term":[{"taxonomy":"category","embeddable":true,"href":"https:\/\/fdp-aktiv.de\/blog\/wp-json\/wp\/v2\/categories?post=7267"},{"taxonomy":"post_tag","embeddable":true,"href":"https:\/\/fdp-aktiv.de\/blog\/wp-json\/wp\/v2\/tags?post=7267"}],"curies":[{"name":"wp","href":"https:\/\/api.w.org\/{rel}","templated":true}]}}