{"id":7320,"date":"2022-10-11T08:06:18","date_gmt":"2022-10-11T06:06:18","guid":{"rendered":"https:\/\/fdp-aktiv.de\/blog\/?p=7320"},"modified":"2022-10-11T08:06:18","modified_gmt":"2022-10-11T06:06:18","slug":"bayern-koerber-zur-2-stammstrecke-pfusch-auf-allen-ebenen","status":"publish","type":"post","link":"https:\/\/fdp-aktiv.de\/blog\/2022\/10\/11\/bayern-koerber-zur-2-stammstrecke-pfusch-auf-allen-ebenen\/","title":{"rendered":"Bayern &#8211; K\u00d6RBER zur 2. Stammstrecke: Pfusch auf allen Ebenen"},"content":{"rendered":"<p>Im Ausschuss f\u00fcr Wohnen, Bau und Verkehr hat heute eine Sondersitzung zur zweiten Stammstrecke stattgefunden. Daran haben unter anderem Staatsminister Bernreiter, DB-Vorstand Infrastruktur Huber und Gesamtkoordinator der Baubegleitung der Staatsregierung Dr. Rauscher teilgenommen. Hierzu Sebastian K\u00f6rber, verkehrspolitischer Sprecher der FDP-Landtagsfraktion:<\/p>\n<figure id=\"attachment_4089\" aria-describedby=\"caption-attachment-4089\" style=\"width: 800px\" class=\"wp-caption aligncenter\"><a href=\"https:\/\/fdp-aktiv.de\/blog\/wp-content\/uploads\/2022\/01\/Sebastian_Koerber_39324_0-scaled.jpg\"><img loading=\"lazy\" decoding=\"async\" class=\"size-large wp-image-4089\" src=\"https:\/\/fdp-aktiv.de\/blog\/wp-content\/uploads\/2022\/01\/Sebastian_Koerber_39324_0-1024x768.jpg\" alt=\"\" width=\"800\" height=\"600\" srcset=\"https:\/\/fdp-aktiv.de\/blog\/wp-content\/uploads\/2022\/01\/Sebastian_Koerber_39324_0-1024x768.jpg 1024w, https:\/\/fdp-aktiv.de\/blog\/wp-content\/uploads\/2022\/01\/Sebastian_Koerber_39324_0-300x225.jpg 300w, https:\/\/fdp-aktiv.de\/blog\/wp-content\/uploads\/2022\/01\/Sebastian_Koerber_39324_0-768x576.jpg 768w, https:\/\/fdp-aktiv.de\/blog\/wp-content\/uploads\/2022\/01\/Sebastian_Koerber_39324_0-1536x1152.jpg 1536w, https:\/\/fdp-aktiv.de\/blog\/wp-content\/uploads\/2022\/01\/Sebastian_Koerber_39324_0-2048x1536.jpg 2048w\" sizes=\"auto, (max-width: 800px) 100vw, 800px\" \/><\/a><figcaption id=\"caption-attachment-4089\" class=\"wp-caption-text\">Sebastian K\u00f6rber, FDP<\/figcaption><\/figure>\n<p>\u201eDas ist Pfusch auf allen Ebenen. Es ist St\u00fcmperei auf der Kommunikationsebene, weil die S\u00f6der-Regierung die Probleme erst verschwieg, dann runterspielte und nun den schwarzen Peter anderen zuspielt. Es ist dilettantisch auf der Planungs-, der Koordinations- und der Kontrollebene. Nahezu w\u00f6chentlich sickern neue Details zum Stammstreckenchaos durch.<\/p>\n<p>Heute nun sollte die Staatsregierung reinen Tisch machen. Doch statt Transparenz walten zu lassen, pr\u00e4sentierte Staatsminister Bernreiter eine Chronologie des Scheiterns, die so l\u00f6chrig ist wie Schweizer K\u00e4se. Noch dazu hatte er keine Einsicht, was das Desaster der letzten Jahre eigentlich bedeutet.<\/p>\n<p>Weder hat Bernreiter begriffen, dass es mehr als zwei Sitzungen des Lenkungskreises zu den umfangreichen und kostenintensiven Umplanungen der Deutschen Bahn f\u00fcr die Jahre 2019 und 2020 gebraucht h\u00e4tte, noch dass ein Spitzengespr\u00e4ch zwischen Ministerpr\u00e4sident S\u00f6der und DB-Vorstand Lutz zwischen den Jahren 2019 und 2022 n\u00f6tig gewesen w\u00e4re. Dieses ignorante Verhalten fliegt der Staatsregierung jetzt um die Ohren.<\/p>\n<p>&nbsp;<\/p>\n<p>Die angek\u00fcndigten Verbesserungen kommen zwei Jahre zu sp\u00e4t und sie sollten eigentlich im Rahmen eines Projektmanagements selbstverst\u00e4ndlich sein. Mit den heute gelieferten viel zu d\u00fcnnen Antworten werden wir uns nicht zufriedengeben. Es wird Konsequenzen geben.\u201c<\/p>\n","protected":false},"excerpt":{"rendered":"<p>Im Ausschuss f\u00fcr Wohnen, Bau und Verkehr hat heute eine Sondersitzung zur zweiten Stammstrecke stattgefunden. Daran haben unter anderem Staatsminister Bernreiter, DB-Vorstand Infrastruktur Huber und Gesamtkoordinator der Baubegleitung der Staatsregierung [&#8230;]<\/p>\n","protected":false},"author":1,"featured_media":0,"comment_status":"open","ping_status":"closed","sticky":false,"template":"","format":"standard","meta":{"footnotes":""},"categories":[144],"tags":[322,1881,2526],"class_list":["post-7320","post","type-post","status-publish","format-standard","hentry","category-verkehr-innenpolitik","tag-fdp-bayern","tag-sebastian-koerber","tag-stammstrecke"],"_links":{"self":[{"href":"https:\/\/fdp-aktiv.de\/blog\/wp-json\/wp\/v2\/posts\/7320","targetHints":{"allow":["GET"]}}],"collection":[{"href":"https:\/\/fdp-aktiv.de\/blog\/wp-json\/wp\/v2\/posts"}],"about":[{"href":"https:\/\/fdp-aktiv.de\/blog\/wp-json\/wp\/v2\/types\/post"}],"author":[{"embeddable":true,"href":"https:\/\/fdp-aktiv.de\/blog\/wp-json\/wp\/v2\/users\/1"}],"replies":[{"embeddable":true,"href":"https:\/\/fdp-aktiv.de\/blog\/wp-json\/wp\/v2\/comments?post=7320"}],"version-history":[{"count":1,"href":"https:\/\/fdp-aktiv.de\/blog\/wp-json\/wp\/v2\/posts\/7320\/revisions"}],"predecessor-version":[{"id":7321,"href":"https:\/\/fdp-aktiv.de\/blog\/wp-json\/wp\/v2\/posts\/7320\/revisions\/7321"}],"wp:attachment":[{"href":"https:\/\/fdp-aktiv.de\/blog\/wp-json\/wp\/v2\/media?parent=7320"}],"wp:term":[{"taxonomy":"category","embeddable":true,"href":"https:\/\/fdp-aktiv.de\/blog\/wp-json\/wp\/v2\/categories?post=7320"},{"taxonomy":"post_tag","embeddable":true,"href":"https:\/\/fdp-aktiv.de\/blog\/wp-json\/wp\/v2\/tags?post=7320"}],"curies":[{"name":"wp","href":"https:\/\/api.w.org\/{rel}","templated":true}]}}