{"id":750,"date":"2021-05-19T17:02:06","date_gmt":"2021-05-19T15:02:06","guid":{"rendered":"https:\/\/fdp-aktiv.de\/blog\/?p=750"},"modified":"2021-05-19T17:02:06","modified_gmt":"2021-05-19T15:02:06","slug":"ueberstunden-der-bundespolizei-deutlich-gesunken-fdp-uebt-trotzdem-kritik","status":"publish","type":"post","link":"https:\/\/fdp-aktiv.de\/blog\/2021\/05\/19\/ueberstunden-der-bundespolizei-deutlich-gesunken-fdp-uebt-trotzdem-kritik\/","title":{"rendered":"\u00dcberstunden der Bundespolizei deutlich gesunken \u2013 FDP \u00fcbt trotzdem Kritik"},"content":{"rendered":"<ul class=\"a-li a-li--qc\">\n<li class=\"a-li__i\">Die Bundespolizei hat im Corona-Jahr zumindest einen Teil ihrer \u00dcberstunden abbauen k\u00f6nnen.<\/li>\n<li class=\"a-li__i\">Die \u00dcberstunden sanken laut Bundes\u00adinnen\u00administerium um rund 500.000 auf nun rund eine Million.<\/li>\n<li class=\"a-li__i\">Die FDP kritisiert, das sei immer noch besorgniserregend<\/li>\n<\/ul>\n<p><img loading=\"lazy\" decoding=\"async\" class=\"\" src=\"https:\/\/www.rnd.de\/resizer\/-2ynFOWKYMiV1rsYlR8seF2CRAQ=\/369x208\/filters:format(webp)\/cloudfront-eu-central-1.images.arcpublishing.com\/madsack\/DFUCBYKIC5BLPPKRM25NDOG4EM.jpg\" width=\"554\" height=\"312\" \/><\/p>\n<p class=\"a-p\"><span class=\"a-l\">Berlin.\u00a0<\/span>Die Corona-Pandemie sorgt offenkundig f\u00fcr Arbeitsentlastung bei der Bundespolizei. Die \u00dcberstunden seien von Ende Februar 2020 bis Ende Februar 2021 um ein Drittel gesunken, hei\u00dft es in der Antwort des Bundesinnen\u00administeriums auf eine Anfrage der FDP-Bundestagsfraktion, die dem RedaktionsNetzwerk Deutschland (RND) vorliegt.<\/p>\n<p class=\"a-p\">Am 29. Februar 2020 seien 1.575.726 \u00dcberstunden registriert gewesen, am 28. Februar 2021 noch 1.095.896. Das entspricht einem Abbau von rund 500.000 \u00dcberstunden.<\/p>\n<p>&nbsp;<\/p>\n<p>&nbsp;<\/p>\n<p>&nbsp;<\/p>\n","protected":false},"excerpt":{"rendered":"<p>Die Bundespolizei hat im Corona-Jahr zumindest einen Teil ihrer \u00dcberstunden abbauen k\u00f6nnen. Die \u00dcberstunden sanken laut Bundes\u00adinnen\u00administerium um rund 500.000 auf nun rund eine Million. Die FDP kritisiert, das sei [&#8230;]<\/p>\n","protected":false},"author":1,"featured_media":0,"comment_status":"open","ping_status":"closed","sticky":false,"template":"","format":"standard","meta":{"footnotes":""},"categories":[8],"tags":[],"class_list":["post-750","post","type-post","status-publish","format-standard","hentry","category-wirtschaft"],"_links":{"self":[{"href":"https:\/\/fdp-aktiv.de\/blog\/wp-json\/wp\/v2\/posts\/750","targetHints":{"allow":["GET"]}}],"collection":[{"href":"https:\/\/fdp-aktiv.de\/blog\/wp-json\/wp\/v2\/posts"}],"about":[{"href":"https:\/\/fdp-aktiv.de\/blog\/wp-json\/wp\/v2\/types\/post"}],"author":[{"embeddable":true,"href":"https:\/\/fdp-aktiv.de\/blog\/wp-json\/wp\/v2\/users\/1"}],"replies":[{"embeddable":true,"href":"https:\/\/fdp-aktiv.de\/blog\/wp-json\/wp\/v2\/comments?post=750"}],"version-history":[{"count":1,"href":"https:\/\/fdp-aktiv.de\/blog\/wp-json\/wp\/v2\/posts\/750\/revisions"}],"predecessor-version":[{"id":1366,"href":"https:\/\/fdp-aktiv.de\/blog\/wp-json\/wp\/v2\/posts\/750\/revisions\/1366"}],"wp:attachment":[{"href":"https:\/\/fdp-aktiv.de\/blog\/wp-json\/wp\/v2\/media?parent=750"}],"wp:term":[{"taxonomy":"category","embeddable":true,"href":"https:\/\/fdp-aktiv.de\/blog\/wp-json\/wp\/v2\/categories?post=750"},{"taxonomy":"post_tag","embeddable":true,"href":"https:\/\/fdp-aktiv.de\/blog\/wp-json\/wp\/v2\/tags?post=750"}],"curies":[{"name":"wp","href":"https:\/\/api.w.org\/{rel}","templated":true}]}}