{"id":7513,"date":"2022-10-25T17:54:10","date_gmt":"2022-10-25T15:54:10","guid":{"rendered":"https:\/\/fdp-aktiv.de\/blog\/?p=7513"},"modified":"2022-10-25T17:57:11","modified_gmt":"2022-10-25T15:57:11","slug":"fdp-brandenburg-coronapolitik-der-landesregierung-fehlt-es-an-wissenschaftlich-fundierter-pandemiebekaempfung","status":"publish","type":"post","link":"https:\/\/fdp-aktiv.de\/blog\/2022\/10\/25\/fdp-brandenburg-coronapolitik-der-landesregierung-fehlt-es-an-wissenschaftlich-fundierter-pandemiebekaempfung\/","title":{"rendered":"FDP Brandenburg &#8211; Amid Jabbour: Coronapolitik der Landesregierung fehlt es an wissenschaftlich fundierter Pandemiebek\u00e4mpfung"},"content":{"rendered":"<p>zum Streit zwischen der brandenburgischen Gesundheitsministerin Nonnemacher und Innenminister St\u00fcbgen erkl\u00e4rt der gesundheitspolitische Sprecher der FDP Brandenburg,<\/p>\n<p>&nbsp;<\/p>\n<figure id=\"attachment_7514\" aria-describedby=\"caption-attachment-7514\" style=\"width: 1024px\" class=\"wp-caption aligncenter\"><a href=\"https:\/\/fdp-aktiv.de\/blog\/wp-content\/uploads\/2022\/10\/Amid_Jabbour-1024x683-1.jpg\"><img loading=\"lazy\" decoding=\"async\" class=\"size-full wp-image-7514\" src=\"https:\/\/fdp-aktiv.de\/blog\/wp-content\/uploads\/2022\/10\/Amid_Jabbour-1024x683-1.jpg\" alt=\"Amid Jabbour\" width=\"1024\" height=\"683\" srcset=\"https:\/\/fdp-aktiv.de\/blog\/wp-content\/uploads\/2022\/10\/Amid_Jabbour-1024x683-1.jpg 1024w, https:\/\/fdp-aktiv.de\/blog\/wp-content\/uploads\/2022\/10\/Amid_Jabbour-1024x683-1-300x200.jpg 300w, https:\/\/fdp-aktiv.de\/blog\/wp-content\/uploads\/2022\/10\/Amid_Jabbour-1024x683-1-768x512.jpg 768w\" sizes=\"auto, (max-width: 1024px) 100vw, 1024px\" \/><\/a><figcaption id=\"caption-attachment-7514\" class=\"wp-caption-text\">Amid Jabbour<\/figcaption><\/figure>\n<p>&nbsp;<\/p>\n<p>&#8220;Wer \u00fcber Stunden Schulter an Schulter mit seinem Sitznachbarn quer durch Europa fliegt, braucht seit dem 1. Oktober keine Maske mehr. Wer aber in Brandenburg seinen Wocheneinkauf erledigen m\u00f6chte, darf seine Maske nicht vergessen, wenn es nach Frau Nonnemacher geht. Bei Museen, Theatern, Oper und Kinos hingegen sieht sie keine Notwendigkeit f\u00fcr eine Maskenpflicht. Der Schaden f\u00fcr den ohnehin gebeutelten Einzelhandel, die Unsicherheiten f\u00fcr Sch\u00fclerinnen und Sch\u00fcler \u2013 all das sind Kollateralsch\u00e4den einer verfehlten Coronapolitik der Ministerin. Diese Politik erinnert mehr an Lotto- und W\u00fcrfelspiele als an wissenschaftlich fundierte Pandemiebek\u00e4mpfung. Ministerpr\u00e4sident Woidke muss das Durcheinander in der Kenia-Koalition unverz\u00fcglich beenden.&#8221;<\/p>\n","protected":false},"excerpt":{"rendered":"<p>zum Streit zwischen der brandenburgischen Gesundheitsministerin Nonnemacher und Innenminister St\u00fcbgen erkl\u00e4rt der gesundheitspolitische Sprecher der FDP Brandenburg, &nbsp; &nbsp; &#8220;Wer \u00fcber Stunden Schulter an Schulter mit seinem Sitznachbarn quer durch [&#8230;]<\/p>\n","protected":false},"author":1,"featured_media":0,"comment_status":"open","ping_status":"closed","sticky":false,"template":"","format":"standard","meta":{"footnotes":""},"categories":[4],"tags":[2661,16,2790,937,2135],"class_list":["post-7513","post","type-post","status-publish","format-standard","hentry","category-covid-19","tag-amid-jabbour","tag-corona","tag-coronapolitik","tag-covid19","tag-fdp-brandenburg"],"_links":{"self":[{"href":"https:\/\/fdp-aktiv.de\/blog\/wp-json\/wp\/v2\/posts\/7513","targetHints":{"allow":["GET"]}}],"collection":[{"href":"https:\/\/fdp-aktiv.de\/blog\/wp-json\/wp\/v2\/posts"}],"about":[{"href":"https:\/\/fdp-aktiv.de\/blog\/wp-json\/wp\/v2\/types\/post"}],"author":[{"embeddable":true,"href":"https:\/\/fdp-aktiv.de\/blog\/wp-json\/wp\/v2\/users\/1"}],"replies":[{"embeddable":true,"href":"https:\/\/fdp-aktiv.de\/blog\/wp-json\/wp\/v2\/comments?post=7513"}],"version-history":[{"count":3,"href":"https:\/\/fdp-aktiv.de\/blog\/wp-json\/wp\/v2\/posts\/7513\/revisions"}],"predecessor-version":[{"id":7517,"href":"https:\/\/fdp-aktiv.de\/blog\/wp-json\/wp\/v2\/posts\/7513\/revisions\/7517"}],"wp:attachment":[{"href":"https:\/\/fdp-aktiv.de\/blog\/wp-json\/wp\/v2\/media?parent=7513"}],"wp:term":[{"taxonomy":"category","embeddable":true,"href":"https:\/\/fdp-aktiv.de\/blog\/wp-json\/wp\/v2\/categories?post=7513"},{"taxonomy":"post_tag","embeddable":true,"href":"https:\/\/fdp-aktiv.de\/blog\/wp-json\/wp\/v2\/tags?post=7513"}],"curies":[{"name":"wp","href":"https:\/\/api.w.org\/{rel}","templated":true}]}}