{"id":7540,"date":"2022-10-27T17:47:24","date_gmt":"2022-10-27T15:47:24","guid":{"rendered":"https:\/\/fdp-aktiv.de\/blog\/?p=7540"},"modified":"2022-10-27T17:47:42","modified_gmt":"2022-10-27T15:47:42","slug":"bundestag-meyer-keine-ausreden-mehr-laender-muessen-beitrag-zur-entlastung-der-buerger-leisten","status":"publish","type":"post","link":"https:\/\/fdp-aktiv.de\/blog\/2022\/10\/27\/bundestag-meyer-keine-ausreden-mehr-laender-muessen-beitrag-zur-entlastung-der-buerger-leisten\/","title":{"rendered":"Bundestag &#8211; MEYER: Keine Ausreden mehr \u2013 L\u00e4nder m\u00fcssen Beitrag zur Entlastung der B\u00fcrger leisten"},"content":{"rendered":"<p>Zum Ergebnis der Herbst-Steuersch\u00e4tzung erkl\u00e4rt der stellvertretende FDP-Fraktionsvorsitzende Christoph Meyer:<\/p>\n<figure id=\"attachment_5508\" aria-describedby=\"caption-attachment-5508\" style=\"width: 975px\" class=\"wp-caption aligncenter\"><a href=\"https:\/\/fdp-aktiv.de\/blog\/wp-content\/uploads\/2022\/05\/christoph_meyer_fdp_foto-wahlplakat_2021.jpg\"><img loading=\"lazy\" decoding=\"async\" class=\"size-full wp-image-5508\" src=\"https:\/\/fdp-aktiv.de\/blog\/wp-content\/uploads\/2022\/05\/christoph_meyer_fdp_foto-wahlplakat_2021.jpg\" alt=\"Christoph Meyer\" width=\"975\" height=\"600\" srcset=\"https:\/\/fdp-aktiv.de\/blog\/wp-content\/uploads\/2022\/05\/christoph_meyer_fdp_foto-wahlplakat_2021.jpg 975w, https:\/\/fdp-aktiv.de\/blog\/wp-content\/uploads\/2022\/05\/christoph_meyer_fdp_foto-wahlplakat_2021-300x185.jpg 300w, https:\/\/fdp-aktiv.de\/blog\/wp-content\/uploads\/2022\/05\/christoph_meyer_fdp_foto-wahlplakat_2021-768x473.jpg 768w\" sizes=\"auto, (max-width: 975px) 100vw, 975px\" \/><\/a><figcaption id=\"caption-attachment-5508\" class=\"wp-caption-text\">Christoph Meyer<\/figcaption><\/figure>\n<p>\u201eDie Inflation f\u00fchrt bei Bund und L\u00e4ndern zu Steuermehreinnahmen von rund 8,9 Mrd. Euro in 2023. Der Staat darf sich jedoch nicht \u2013 auf Kosten der B\u00fcrger \u2013 an der Krise bereichern. Daher sind auch neue Ausgabenw\u00fcnsche v\u00f6llig fehl am Platz. Die Mittel werden f\u00fcr Ma\u00dfnahmen des dritten Entlastungspakets mit einem Volumen von 65 Mrd. Euro sowie zur Vorsorge f\u00fcr 2023 ben\u00f6tigt. Wir brauchen somit nach wie vor eine strikte Ausgabenkontrolle. Denn: Die Mehreinnahmen d\u00fcrfen nicht \u00fcber Risiken hinwegt\u00e4uschen.<\/p>\n<p>Es ist wichtig, dass die L\u00e4nder ihren Beitrag zur Entlastung der B\u00fcrger leisten und ihre Steuermehreinnahmen entsprechend verwenden. Mit Mehreinnahmen von 7,9 Mrd. Euro in 2022 und 5,8 Mrd. Euro in 2023 darf es hier seitens der L\u00e4nder und Kommunen keine Ausreden mehr geben. Vollkommen unverst\u00e4ndlich ist, dass die L\u00e4nder noch zus\u00e4tzliche Mittel vom Bund verlangen.<\/p>\n<p>Generell zeigen die Steuermehreinnahmen, dass der Staat kein Einnahmenproblem hat und die Schuldenbremse ab 2023 wieder eingehalten werden muss. Zudem sind die Mehreinnahmen vor dem Hintergrund der Rezession kritisch zu bewerten: Der Staat muss sich zur\u00fcckhalten und B\u00fcrger sowie Unternehmen entlasten, um Potenziale zu entfesseln. Damit \u00fcberwinden wir die Rezession.\u201c<\/p>\n","protected":false},"excerpt":{"rendered":"<p>Zum Ergebnis der Herbst-Steuersch\u00e4tzung erkl\u00e4rt der stellvertretende FDP-Fraktionsvorsitzende Christoph Meyer: \u201eDie Inflation f\u00fchrt bei Bund und L\u00e4ndern zu Steuermehreinnahmen von rund 8,9 Mrd. Euro in 2023. Der Staat darf sich [&#8230;]<\/p>\n","protected":false},"author":1,"featured_media":0,"comment_status":"open","ping_status":"closed","sticky":false,"template":"","format":"standard","meta":{"footnotes":""},"categories":[55],"tags":[2322,2086,2688,191,2793],"class_list":["post-7540","post","type-post","status-publish","format-standard","hentry","category-finanzen","tag-christoph-meyer","tag-entlastungen","tag-fdp-bundestag","tag-schuldenbremse","tag-steuerschaetzung"],"_links":{"self":[{"href":"https:\/\/fdp-aktiv.de\/blog\/wp-json\/wp\/v2\/posts\/7540","targetHints":{"allow":["GET"]}}],"collection":[{"href":"https:\/\/fdp-aktiv.de\/blog\/wp-json\/wp\/v2\/posts"}],"about":[{"href":"https:\/\/fdp-aktiv.de\/blog\/wp-json\/wp\/v2\/types\/post"}],"author":[{"embeddable":true,"href":"https:\/\/fdp-aktiv.de\/blog\/wp-json\/wp\/v2\/users\/1"}],"replies":[{"embeddable":true,"href":"https:\/\/fdp-aktiv.de\/blog\/wp-json\/wp\/v2\/comments?post=7540"}],"version-history":[{"count":1,"href":"https:\/\/fdp-aktiv.de\/blog\/wp-json\/wp\/v2\/posts\/7540\/revisions"}],"predecessor-version":[{"id":7541,"href":"https:\/\/fdp-aktiv.de\/blog\/wp-json\/wp\/v2\/posts\/7540\/revisions\/7541"}],"wp:attachment":[{"href":"https:\/\/fdp-aktiv.de\/blog\/wp-json\/wp\/v2\/media?parent=7540"}],"wp:term":[{"taxonomy":"category","embeddable":true,"href":"https:\/\/fdp-aktiv.de\/blog\/wp-json\/wp\/v2\/categories?post=7540"},{"taxonomy":"post_tag","embeddable":true,"href":"https:\/\/fdp-aktiv.de\/blog\/wp-json\/wp\/v2\/tags?post=7540"}],"curies":[{"name":"wp","href":"https:\/\/api.w.org\/{rel}","templated":true}]}}