{"id":7726,"date":"2022-11-10T20:07:46","date_gmt":"2022-11-10T19:07:46","guid":{"rendered":"https:\/\/fdp-aktiv.de\/blog\/?p=7726"},"modified":"2022-11-10T20:07:46","modified_gmt":"2022-11-10T19:07:46","slug":"bayern-koerber-kennt-bernreiter-die-gesetzeslage-eigentlich","status":"publish","type":"post","link":"https:\/\/fdp-aktiv.de\/blog\/2022\/11\/10\/bayern-koerber-kennt-bernreiter-die-gesetzeslage-eigentlich\/","title":{"rendered":"Bayern &#8211; K\u00d6RBER: Kennt Bernreiter die Gesetzeslage eigentlich"},"content":{"rendered":"<p>Bayerns Verkehrsminister Bernreiter beklagt erneut, die finanziellen Mittel des Bundes f\u00fcr den bayerischen \u00d6PNV seien unzureichend. Hierzu Sebastian K\u00f6rber, verkehrspolitischer Sprecher der FDP-Landtagsfraktion:<\/p>\n<p>&nbsp;<\/p>\n<p>\u201eStaatsminister Bernreiter sagt, er will kein Ampel-Bashing mehr betreiben, dann aber zeigt er gleich wieder mit dem Finger nach Berlin. Ja was denn jetzt? Entweder er spielt falsch oder schlimmer: Er kennt die Gesetzeslage einfach nicht.<\/p>\n<figure id=\"attachment_4089\" aria-describedby=\"caption-attachment-4089\" style=\"width: 800px\" class=\"wp-caption aligncenter\"><a href=\"https:\/\/fdp-aktiv.de\/blog\/wp-content\/uploads\/2022\/01\/Sebastian_Koerber_39324_0-scaled.jpg\"><img loading=\"lazy\" decoding=\"async\" class=\"size-large wp-image-4089\" src=\"https:\/\/fdp-aktiv.de\/blog\/wp-content\/uploads\/2022\/01\/Sebastian_Koerber_39324_0-1024x768.jpg\" alt=\"\" width=\"800\" height=\"600\" srcset=\"https:\/\/fdp-aktiv.de\/blog\/wp-content\/uploads\/2022\/01\/Sebastian_Koerber_39324_0-1024x768.jpg 1024w, https:\/\/fdp-aktiv.de\/blog\/wp-content\/uploads\/2022\/01\/Sebastian_Koerber_39324_0-300x225.jpg 300w, https:\/\/fdp-aktiv.de\/blog\/wp-content\/uploads\/2022\/01\/Sebastian_Koerber_39324_0-768x576.jpg 768w, https:\/\/fdp-aktiv.de\/blog\/wp-content\/uploads\/2022\/01\/Sebastian_Koerber_39324_0-1536x1152.jpg 1536w, https:\/\/fdp-aktiv.de\/blog\/wp-content\/uploads\/2022\/01\/Sebastian_Koerber_39324_0-2048x1536.jpg 2048w\" sizes=\"auto, (max-width: 800px) 100vw, 800px\" \/><\/a><figcaption id=\"caption-attachment-4089\" class=\"wp-caption-text\">Sebastian K\u00f6rber, FDP<\/figcaption><\/figure>\n<p>Bernreiter zufolge hat der Bund gem\u00e4\u00df Grundgesetz* f\u00fcr die Finanzierung des \u00d6PNV vollends aufzukommen. Diese Annahme ist falsch. Nach dem daraus folgendem Regionalisierungsgesetz steht den L\u00e4ndern f\u00fcr den \u00d6PNV zwar ein Betrag aus dem Steueraufkommen des Bundes zu, jedoch ist der Bund daran angehalten, hier lediglich einen Finanzierungsbeitrag zu dieser L\u00e4nderaufgabe zu t\u00e4tigen.** Seit der Bahnreform sind die L\u00e4nder und Kommunen f\u00fcr Planung, Ausgestaltung, Organisation und Finanzierung des \u00d6PNV origin\u00e4r verantwortlich. Dieser Fakt ist wichtig und sollte von Bernreiter endlich mal verinnerlicht werden. Dar\u00fcber hinaus hat der Bundesrechnungshof erst im Februar dieses Jahres diejenigen L\u00e4nder kritisiert, die ihrer Verantwortung nicht gerecht werden und einen zu kleinen Finanzierungsbeitrag leisten.<\/p>\n<p>&nbsp;<\/p>\n<p>Schlimm ist, dass es Bernreiter offensichtlich gar nicht um eine gesicherte Finanzierung des \u00d6PNV geht oder darum, die hohen Energiekosten der Verkehrsunternehmen abzufedern. Offenbar will er jetzt L\u00f6cher des Desasters bei der zweiten Stammstrecke stopfen. Diese nehmen j\u00e4hrlich einen erstaunlichen Anteil der Regionalisierungsmittel des Bundes ein. Der Verkehrsminister sollte sich besser einmal in die Themen einarbeiten, bevor er aus allen Rohren schie\u00dft.\u201c<\/p>\n<p>&nbsp;<\/p>\n<p>* (Art. 106a GG)<\/p>\n<p>**(\u00a7 5 Abs. 1 Satz 1 RegG).<\/p>\n","protected":false},"excerpt":{"rendered":"<p>Bayerns Verkehrsminister Bernreiter beklagt erneut, die finanziellen Mittel des Bundes f\u00fcr den bayerischen \u00d6PNV seien unzureichend. Hierzu Sebastian K\u00f6rber, verkehrspolitischer Sprecher der FDP-Landtagsfraktion: &nbsp; \u201eStaatsminister Bernreiter sagt, er will kein [&#8230;]<\/p>\n","protected":false},"author":1,"featured_media":0,"comment_status":"open","ping_status":"closed","sticky":false,"template":"","format":"standard","meta":{"footnotes":""},"categories":[144],"tags":[322,1801,1881],"class_list":["post-7726","post","type-post","status-publish","format-standard","hentry","category-verkehr-innenpolitik","tag-fdp-bayern","tag-oepnv","tag-sebastian-koerber"],"_links":{"self":[{"href":"https:\/\/fdp-aktiv.de\/blog\/wp-json\/wp\/v2\/posts\/7726","targetHints":{"allow":["GET"]}}],"collection":[{"href":"https:\/\/fdp-aktiv.de\/blog\/wp-json\/wp\/v2\/posts"}],"about":[{"href":"https:\/\/fdp-aktiv.de\/blog\/wp-json\/wp\/v2\/types\/post"}],"author":[{"embeddable":true,"href":"https:\/\/fdp-aktiv.de\/blog\/wp-json\/wp\/v2\/users\/1"}],"replies":[{"embeddable":true,"href":"https:\/\/fdp-aktiv.de\/blog\/wp-json\/wp\/v2\/comments?post=7726"}],"version-history":[{"count":1,"href":"https:\/\/fdp-aktiv.de\/blog\/wp-json\/wp\/v2\/posts\/7726\/revisions"}],"predecessor-version":[{"id":7727,"href":"https:\/\/fdp-aktiv.de\/blog\/wp-json\/wp\/v2\/posts\/7726\/revisions\/7727"}],"wp:attachment":[{"href":"https:\/\/fdp-aktiv.de\/blog\/wp-json\/wp\/v2\/media?parent=7726"}],"wp:term":[{"taxonomy":"category","embeddable":true,"href":"https:\/\/fdp-aktiv.de\/blog\/wp-json\/wp\/v2\/categories?post=7726"},{"taxonomy":"post_tag","embeddable":true,"href":"https:\/\/fdp-aktiv.de\/blog\/wp-json\/wp\/v2\/tags?post=7726"}],"curies":[{"name":"wp","href":"https:\/\/api.w.org\/{rel}","templated":true}]}}