{"id":7782,"date":"2022-11-13T07:46:16","date_gmt":"2022-11-13T06:46:16","guid":{"rendered":"https:\/\/fdp-aktiv.de\/blog\/?p=7782"},"modified":"2022-11-13T07:46:16","modified_gmt":"2022-11-13T06:46:16","slug":"schleswig-holstein-heiner-garg-schwarz-gruen-muss-dem-buergergeld-im-bundesrat-zustimmen","status":"publish","type":"post","link":"https:\/\/fdp-aktiv.de\/blog\/2022\/11\/13\/schleswig-holstein-heiner-garg-schwarz-gruen-muss-dem-buergergeld-im-bundesrat-zustimmen\/","title":{"rendered":"Schleswig-Holstein &#8211; Heiner Garg: Schwarz-Gr\u00fcn muss dem B\u00fcrgergeld im Bundesrat zustimmen"},"content":{"rendered":"<div class=\"clearfix text-formatted field field--name-body field--type-text-with-summary field--label-hidden field__item\">\n<p>Zum Beschluss des B\u00fcrgergelds heute im Bundestag erkl\u00e4rt der sozialpolitische Sprecher der FDP-Landtagsfraktion, <strong>Heiner Garg<\/strong>:<\/p>\n<figure id=\"attachment_6015\" aria-describedby=\"caption-attachment-6015\" style=\"width: 700px\" class=\"wp-caption aligncenter\"><a href=\"https:\/\/fdp-aktiv.de\/blog\/wp-content\/uploads\/2022\/07\/Heiner-Garg_Web.png\"><img loading=\"lazy\" decoding=\"async\" class=\"size-full wp-image-6015\" src=\"https:\/\/fdp-aktiv.de\/blog\/wp-content\/uploads\/2022\/07\/Heiner-Garg_Web.png\" alt=\"Heiner Garg\" width=\"700\" height=\"395\" srcset=\"https:\/\/fdp-aktiv.de\/blog\/wp-content\/uploads\/2022\/07\/Heiner-Garg_Web.png 700w, https:\/\/fdp-aktiv.de\/blog\/wp-content\/uploads\/2022\/07\/Heiner-Garg_Web-300x169.png 300w\" sizes=\"auto, (max-width: 700px) 100vw, 700px\" \/><\/a><figcaption id=\"caption-attachment-6015\" class=\"wp-caption-text\">Heiner Garg<\/figcaption><\/figure>\n<p>\u201eDas B\u00fcrgergeld hat heute die erste H\u00fcrde im Bundestag genommen. Die schwarz-gr\u00fcne Landesregierung hat jetzt die M\u00f6glichkeit, im Bundesrat eine Entscheidung f\u00fcr die Menschen zu treffen, die das B\u00fcrgergeld dringend brauchen.<\/p>\n<p>Jeder kann in seinem Berufsleben irgendwann einmal arbeitslos werden. Insbesondere Selbst\u00e4ndige m\u00fcssen R\u00fccklagen bilden f\u00fcr ihre Altersvorsorge. Das Schonverm\u00f6gen ist richtig, damit die Betroffenen nicht in eine staatliche Abh\u00e4ngigkeit geraten, aus der sie sich u.U. nicht mehr selbst befreien k\u00f6nnen. Das Prinzip \u201aF\u00f6rdern und Fordern\u2018 bleibt. Die Erz\u00e4hlung, dass es k\u00fcnftig keine Sanktionen mehr geben soll, wenn Termine nicht wahrgenommen werden oder Arbeitsstellen verweigert werden, geh\u00f6rt ins Reich der M\u00e4rchen. Und die FDP hat daf\u00fcr gesorgt, dass Jugendlichen in einer Bedarfsgemeinschaft k\u00fcnftig der Minijob nicht mehr angerechnet wird. Das B\u00fcrgergeld soll den Weg zur\u00fcck in die Arbeit attraktiv machen und keine weiteren Abh\u00e4ngigkeiten schaffen.<\/p>\n<p>Ich erwarte von den Gr\u00fcnen in Schleswig-Holstein, dass sie die CDU in dieser f\u00fcr Millionen von Menschen so wichtigen Frage auf Spur bringt und Schleswig-Holstein im Bundesrat der l\u00e4ngst \u00fcberf\u00e4lligen B\u00fcrgergeldeinf\u00fchrung zustimmt.\u00a0Eine Enthaltung ist wie ein \u201aNein\u2018 und h\u00e4tte zur Folge, dass Schwarz-Gr\u00fcn genau diese Menschen im Stich l\u00e4sst.\u201e<\/p>\n<\/div>\n","protected":false},"excerpt":{"rendered":"<p>Zum Beschluss des B\u00fcrgergelds heute im Bundestag erkl\u00e4rt der sozialpolitische Sprecher der FDP-Landtagsfraktion, Heiner Garg: \u201eDas B\u00fcrgergeld hat heute die erste H\u00fcrde im Bundestag genommen. Die schwarz-gr\u00fcne Landesregierung hat jetzt [&#8230;]<\/p>\n","protected":false},"author":1,"featured_media":0,"comment_status":"open","ping_status":"closed","sticky":false,"template":"","format":"standard","meta":{"footnotes":""},"categories":[55],"tags":[2548,814,296],"class_list":["post-7782","post","type-post","status-publish","format-standard","hentry","category-finanzen","tag-buergergeld","tag-fdp-lsh","tag-heiner-garg"],"_links":{"self":[{"href":"https:\/\/fdp-aktiv.de\/blog\/wp-json\/wp\/v2\/posts\/7782","targetHints":{"allow":["GET"]}}],"collection":[{"href":"https:\/\/fdp-aktiv.de\/blog\/wp-json\/wp\/v2\/posts"}],"about":[{"href":"https:\/\/fdp-aktiv.de\/blog\/wp-json\/wp\/v2\/types\/post"}],"author":[{"embeddable":true,"href":"https:\/\/fdp-aktiv.de\/blog\/wp-json\/wp\/v2\/users\/1"}],"replies":[{"embeddable":true,"href":"https:\/\/fdp-aktiv.de\/blog\/wp-json\/wp\/v2\/comments?post=7782"}],"version-history":[{"count":1,"href":"https:\/\/fdp-aktiv.de\/blog\/wp-json\/wp\/v2\/posts\/7782\/revisions"}],"predecessor-version":[{"id":7783,"href":"https:\/\/fdp-aktiv.de\/blog\/wp-json\/wp\/v2\/posts\/7782\/revisions\/7783"}],"wp:attachment":[{"href":"https:\/\/fdp-aktiv.de\/blog\/wp-json\/wp\/v2\/media?parent=7782"}],"wp:term":[{"taxonomy":"category","embeddable":true,"href":"https:\/\/fdp-aktiv.de\/blog\/wp-json\/wp\/v2\/categories?post=7782"},{"taxonomy":"post_tag","embeddable":true,"href":"https:\/\/fdp-aktiv.de\/blog\/wp-json\/wp\/v2\/tags?post=7782"}],"curies":[{"name":"wp","href":"https:\/\/api.w.org\/{rel}","templated":true}]}}