{"id":7958,"date":"2022-11-20T11:27:05","date_gmt":"2022-11-20T10:27:05","guid":{"rendered":"https:\/\/fdp-aktiv.de\/blog\/?p=7958"},"modified":"2022-11-20T11:27:05","modified_gmt":"2022-11-20T10:27:05","slug":"hessen-rock-signal-zur-weiterfuehrung-der-sprach-kitas-haette-frueher-kommen-muessen","status":"publish","type":"post","link":"https:\/\/fdp-aktiv.de\/blog\/2022\/11\/20\/hessen-rock-signal-zur-weiterfuehrung-der-sprach-kitas-haette-frueher-kommen-muessen\/","title":{"rendered":"Hessen &#8211; ROCK: Signal zur Weiterf\u00fchrung der Sprach-Kitas h\u00e4tte fr\u00fcher kommen m\u00fcssen"},"content":{"rendered":"<p>Hessen hat angek\u00fcndigt, das bisherige Bundesprogramm der Sprach-Kitas von kommendem Sommer an in Eigenregie fortzusetzen. Dazu erkl\u00e4rt der Fraktionsvorsitzende und Sprecher f\u00fcr fr\u00fchkindliche Bildung der Freien Demokraten, Ren\u00e9 ROCK:<\/p>\n<figure id=\"attachment_1137\" aria-describedby=\"caption-attachment-1137\" style=\"width: 800px\" class=\"wp-caption aligncenter\"><a href=\"https:\/\/fdp-aktiv.de\/blog\/wp-content\/uploads\/2021\/04\/Rene_Rock.jpg\"><img loading=\"lazy\" decoding=\"async\" class=\"size-large wp-image-1137\" src=\"https:\/\/fdp-aktiv.de\/blog\/wp-content\/uploads\/2021\/04\/Rene_Rock-1024x684.jpg\" alt=\"Rene Rock\" width=\"800\" height=\"534\" srcset=\"https:\/\/fdp-aktiv.de\/blog\/wp-content\/uploads\/2021\/04\/Rene_Rock-1024x684.jpg 1024w, https:\/\/fdp-aktiv.de\/blog\/wp-content\/uploads\/2021\/04\/Rene_Rock-300x200.jpg 300w, https:\/\/fdp-aktiv.de\/blog\/wp-content\/uploads\/2021\/04\/Rene_Rock-768x513.jpg 768w, https:\/\/fdp-aktiv.de\/blog\/wp-content\/uploads\/2021\/04\/Rene_Rock.jpg 1400w\" sizes=\"auto, (max-width: 800px) 100vw, 800px\" \/><\/a><figcaption id=\"caption-attachment-1137\" class=\"wp-caption-text\">Rene Rock<\/figcaption><\/figure>\n<p>\u201eDass sich die Landesregierung jetzt entschieden hat, die Sprachf\u00f6rderung in Kindertagesst\u00e4tten weiterzuf\u00fchren, ist eine gute Nachricht f\u00fcr Eltern, Kinder und Kitas. Sprache ist ein wichtiger Bestandteil der Pers\u00f6nlichkeitsentwicklung, und Sprache ist mit Lese- und Schreibkompetenz gekoppelt. Sie ist der Schl\u00fcssel schlechthin zum Bildungserfolg. Die Landesregierung h\u00e4tte den Familien und Einrichtungen aber viel Unsicherheit ersparen k\u00f6nnen, wenn sie fr\u00fcher ein entsprechendes Signal gegeben h\u00e4tte. Nicht umsonst haben wir Freie Demokraten schon vor einem Monat eine Garantie zur Fortf\u00fchrung des Programms gefordert.\u201c<\/p>\n","protected":false},"excerpt":{"rendered":"<p>Hessen hat angek\u00fcndigt, das bisherige Bundesprogramm der Sprach-Kitas von kommendem Sommer an in Eigenregie fortzusetzen. Dazu erkl\u00e4rt der Fraktionsvorsitzende und Sprecher f\u00fcr fr\u00fchkindliche Bildung der Freien Demokraten, Ren\u00e9 ROCK: \u201eDass [&#8230;]<\/p>\n","protected":false},"author":1,"featured_media":0,"comment_status":"open","ping_status":"closed","sticky":false,"template":"","format":"standard","meta":{"footnotes":""},"categories":[34],"tags":[635,382,634],"class_list":["post-7958","post","type-post","status-publish","format-standard","hentry","category-bildung","tag-fdp-hessen","tag-kita","tag-rene-rock"],"_links":{"self":[{"href":"https:\/\/fdp-aktiv.de\/blog\/wp-json\/wp\/v2\/posts\/7958","targetHints":{"allow":["GET"]}}],"collection":[{"href":"https:\/\/fdp-aktiv.de\/blog\/wp-json\/wp\/v2\/posts"}],"about":[{"href":"https:\/\/fdp-aktiv.de\/blog\/wp-json\/wp\/v2\/types\/post"}],"author":[{"embeddable":true,"href":"https:\/\/fdp-aktiv.de\/blog\/wp-json\/wp\/v2\/users\/1"}],"replies":[{"embeddable":true,"href":"https:\/\/fdp-aktiv.de\/blog\/wp-json\/wp\/v2\/comments?post=7958"}],"version-history":[{"count":2,"href":"https:\/\/fdp-aktiv.de\/blog\/wp-json\/wp\/v2\/posts\/7958\/revisions"}],"predecessor-version":[{"id":7960,"href":"https:\/\/fdp-aktiv.de\/blog\/wp-json\/wp\/v2\/posts\/7958\/revisions\/7960"}],"wp:attachment":[{"href":"https:\/\/fdp-aktiv.de\/blog\/wp-json\/wp\/v2\/media?parent=7958"}],"wp:term":[{"taxonomy":"category","embeddable":true,"href":"https:\/\/fdp-aktiv.de\/blog\/wp-json\/wp\/v2\/categories?post=7958"},{"taxonomy":"post_tag","embeddable":true,"href":"https:\/\/fdp-aktiv.de\/blog\/wp-json\/wp\/v2\/tags?post=7958"}],"curies":[{"name":"wp","href":"https:\/\/api.w.org\/{rel}","templated":true}]}}