{"id":8089,"date":"2022-11-26T08:36:43","date_gmt":"2022-11-26T07:36:43","guid":{"rendered":"https:\/\/fdp-aktiv.de\/blog\/?p=8089"},"modified":"2022-11-26T08:42:22","modified_gmt":"2022-11-26T07:42:22","slug":"julis-brandenburg-begruessen-beschluss-des-buergergeldes","status":"publish","type":"post","link":"https:\/\/fdp-aktiv.de\/blog\/2022\/11\/26\/julis-brandenburg-begruessen-beschluss-des-buergergeldes\/","title":{"rendered":"JuLis Brandenburg begr\u00fc\u00dfen Beschluss des B\u00fcrgergeldes"},"content":{"rendered":"<p>Die Jungen Liberalen Brandenburg begr\u00fc\u00dfen die heutige Zustimmung von Bundestag und Bundesrat zum getroffenen Kompromiss beim B\u00fcrgergeld. Unser Landesvorsitzender Fabian Jahoda erkl\u00e4rt dazu:<\/p>\n<figure id=\"attachment_8091\" aria-describedby=\"caption-attachment-8091\" style=\"width: 629px\" class=\"wp-caption aligncenter\"><a href=\"https:\/\/fdp-aktiv.de\/blog\/wp-content\/uploads\/2022\/11\/Fabian_Jahoda.jpg\"><img loading=\"lazy\" decoding=\"async\" class=\"size-full wp-image-8091\" src=\"https:\/\/fdp-aktiv.de\/blog\/wp-content\/uploads\/2022\/11\/Fabian_Jahoda.jpg\" alt=\"Fabian Jahoda\" width=\"629\" height=\"630\" srcset=\"https:\/\/fdp-aktiv.de\/blog\/wp-content\/uploads\/2022\/11\/Fabian_Jahoda.jpg 629w, https:\/\/fdp-aktiv.de\/blog\/wp-content\/uploads\/2022\/11\/Fabian_Jahoda-300x300.jpg 300w, https:\/\/fdp-aktiv.de\/blog\/wp-content\/uploads\/2022\/11\/Fabian_Jahoda-150x150.jpg 150w, https:\/\/fdp-aktiv.de\/blog\/wp-content\/uploads\/2022\/11\/Fabian_Jahoda-400x400.jpg 400w\" sizes=\"auto, (max-width: 629px) 100vw, 629px\" \/><\/a><figcaption id=\"caption-attachment-8091\" class=\"wp-caption-text\">Fabian Jahoda<\/figcaption><\/figure>\n<p>\u201eDie Einf\u00fchrung des B\u00fcrgergeldes ist ein wichtiger Schritt f\u00fcr die Chancengerechtigkeit in unserem Land. Mit diesem Hartz-IV-Ersatz macht die Ampel klar: Wir wollen, dass sich Leistung lohnt. Wir wollen, Langzeitarbeitslose f\u00f6rdern und wieder in Lohn und Brot bringen, nicht allein lassen.\u201c<\/p>\n<p>Insbesondere die Hinzuverdienstgrenzen machten auch einen schrittweisen Wiedereinstieg ins Berufsleben attraktiv, argumentiert die FDP-Jugend. Besondere Profiteure aus Sicht der Jungen Liberalen seien Kinder und Jugendliche aus Familien in der Grundsicherung: Dass gerade sie eine der h\u00f6chsten Abgabenlasten des deutschen Finanzsystems ausgesetzt sind, sei der Gipfel sozialer Ungerechtigkeit.<\/p>\n<p>Auch das im Rahmen des Kompromisses gesenkte Schonverm\u00f6gen sei immer noch eine immense Verbesserung gegen\u00fcber den bisher bestehenden Regeln: Wer in die soziale Bed\u00fcrftigkeit f\u00e4llt, sollte nicht sofort an Erspartem und der Altersvorsorge knabbern m\u00fcssen.<\/p>\n","protected":false},"excerpt":{"rendered":"<p>Die Jungen Liberalen Brandenburg begr\u00fc\u00dfen die heutige Zustimmung von Bundestag und Bundesrat zum getroffenen Kompromiss beim B\u00fcrgergeld. Unser Landesvorsitzender Fabian Jahoda erkl\u00e4rt dazu: \u201eDie Einf\u00fchrung des B\u00fcrgergeldes ist ein wichtiger [&#8230;]<\/p>\n","protected":false},"author":1,"featured_media":0,"comment_status":"open","ping_status":"closed","sticky":false,"template":"","format":"standard","meta":{"footnotes":""},"categories":[55],"tags":[2548,2850,2484],"class_list":["post-8089","post","type-post","status-publish","format-standard","hentry","category-finanzen","tag-buergergeld","tag-fabian-jahoda","tag-fdp-julis"],"_links":{"self":[{"href":"https:\/\/fdp-aktiv.de\/blog\/wp-json\/wp\/v2\/posts\/8089","targetHints":{"allow":["GET"]}}],"collection":[{"href":"https:\/\/fdp-aktiv.de\/blog\/wp-json\/wp\/v2\/posts"}],"about":[{"href":"https:\/\/fdp-aktiv.de\/blog\/wp-json\/wp\/v2\/types\/post"}],"author":[{"embeddable":true,"href":"https:\/\/fdp-aktiv.de\/blog\/wp-json\/wp\/v2\/users\/1"}],"replies":[{"embeddable":true,"href":"https:\/\/fdp-aktiv.de\/blog\/wp-json\/wp\/v2\/comments?post=8089"}],"version-history":[{"count":1,"href":"https:\/\/fdp-aktiv.de\/blog\/wp-json\/wp\/v2\/posts\/8089\/revisions"}],"predecessor-version":[{"id":8092,"href":"https:\/\/fdp-aktiv.de\/blog\/wp-json\/wp\/v2\/posts\/8089\/revisions\/8092"}],"wp:attachment":[{"href":"https:\/\/fdp-aktiv.de\/blog\/wp-json\/wp\/v2\/media?parent=8089"}],"wp:term":[{"taxonomy":"category","embeddable":true,"href":"https:\/\/fdp-aktiv.de\/blog\/wp-json\/wp\/v2\/categories?post=8089"},{"taxonomy":"post_tag","embeddable":true,"href":"https:\/\/fdp-aktiv.de\/blog\/wp-json\/wp\/v2\/tags?post=8089"}],"curies":[{"name":"wp","href":"https:\/\/api.w.org\/{rel}","templated":true}]}}