{"id":813,"date":"2021-03-28T19:52:28","date_gmt":"2021-03-28T17:52:28","guid":{"rendered":"https:\/\/fdp-aktiv.de\/blog\/?p=813"},"modified":"2021-03-28T19:54:53","modified_gmt":"2021-03-28T17:54:53","slug":"fdp-chefin-fordert-maximale-freiheit","status":"publish","type":"post","link":"https:\/\/fdp-aktiv.de\/blog\/2021\/03\/28\/fdp-chefin-fordert-maximale-freiheit\/","title":{"rendered":"FDP-Chefin fordert \u201emaximale Freiheit\u201c"},"content":{"rendered":"<h3>Die hessischen Liberalen w\u00e4hlen Bettina Stark-Watzinger mit gro\u00dfer Mehrheit zu ihrer Vorsitzenden. Scharfe Kritik \u00fcben sie an der Corona-Politik in Bund und Land.<\/h3>\n<p><img loading=\"lazy\" decoding=\"async\" class=\"alignnone size-full wp-image-814\" src=\"https:\/\/fdp-aktiv.de\/blog\/wp-content\/uploads\/2021\/03\/darf-fuehren-die-neue-fdp.jpg\" alt=\"\" width=\"960\" height=\"430\" \/><\/p>\n<p id=\"pageIndex_1\" class=\"First atc-TextParagraph\"><span class=\"atc-TextFirstLetter\">D<\/span>ie Bundestagsabgeordnete Bettina Stark-Watzinger ist neue Vorsitzende der hessischen\u00a0<a class=\"rtr-entity\" href=\"https:\/\/www.faz.net\/aktuell\/politik\/thema\/fdp\" data-rtr-id=\"0177644f3b1494833a77ac2cf635a39c4f3da11e\">FDP<\/a>. Auf dem Landesparteitag der Liberalen in Willingen wurde die 52 Jahre alte Volkswirtin aus Bad Soden im Taunus am Samstag in einer digitalen Abstimmung mit 92 Prozent der 264 abgegebenen Stimmen zur Nachfolgerin des Juristen Stefan Ruppert gew\u00e4hlt. \u00dcberschattet wurde die Veranstaltung von technischen Schwierigkeiten. Sie zeigten, wie schlecht die Breitbandversorgung in Hessen sei, hie\u00df es in der Partei.<\/p>\n<div class=\"atc-ContainerInfo js-atc-ContainerInfo \">\n<div class=\"cbx-Author cbx-Author-is-in-article-container-info \">\n<div class=\"cbx-Author_InfoContainer\">\n<div class=\"cbx-Author_PersonalInfo\">\n<p class=\"cbx-Author_Position\">Korrespondent der Rhein-Main-Zeitung in Wiesbaden.<\/p>\n<\/div>\n<\/div>\n<\/div>\n<\/div>\n<p class=\"atc-TextParagraph\">Am Samstag hatten die Delegierten und die \u00d6ffentlichkeit mit einer mangelhaften Livestream-\u00dcbertragung zu k\u00e4mpfen. Am heutigen Sonntag treffen sich mehr als 200 Mitglieder in Nordhessen, um den Parteitag abzuschlie\u00dfen und danach die Kandidaten f\u00fcr die\u00a0<a class=\"rtr-entity\" href=\"https:\/\/www.faz.net\/aktuell\/politik\/thema\/bundestagswahl\" data-rtr-id=\"d5d27c18be14ac0c63288600b4796f6bb0c224c4\">Bundestagswahl<\/a>\u00a0im September aufzustellen.<\/p>\n<p class=\"atc-TextParagraph\">Watzinger ist verheiratet und hat zwei T\u00f6chter. Dem Landesvorstand geh\u00f6rt sie seit zehn Jahren an, zuletzt war sie stellvertretende Vorsitzende. Im\u00a0<a class=\"rtr-entity\" href=\"https:\/\/www.faz.net\/aktuell\/politik\/thema\/bundestag\" data-rtr-id=\"1b34a36aa6174bbd923d9fc7da0a747e2243402b\">Bundestag<\/a>\u00a0hat sie einen Sitz im Haushaltsausschuss. Die Corona-Politik offenbare \u201eEntscheidungsschw\u00e4che und organisierte Verantwortungslosigkeit\u201c, sagte Stark-Watzinger. \u201eEs r\u00e4cht sich nun, dass diese Regierung gar nicht regieren musste.\u201c Sie habe \u00fcber so viel Geld verf\u00fcgt, dass sie es verlernt habe, Krisen zu beherrschen.<\/p>\n<h3 class=\"atc-SubHeadline\">\u201eDie Zukunft geh\u00f6rt den klugen Menschen\u201c<\/h3>\n<p class=\"atc-TextParagraph\">\u201eWir Liberalen wussten schon immer, dass der Staat nicht alles kann. Dass er so wenig kann, haben nicht einmal wir gewusst.\u201c Die Union habe ihren marktwirtschaftlichen Kern aufgegeben. Das zeige sich in Hessen an den Milliardenschulden, die \u201eSonderverm\u00f6gen\u201c genannt w\u00fcrden. Es diene der Sicherung einer guten Zukunft, behaupte die Regierung. \u201eAber die Zukunft geh\u00f6rt den klugen Menschen, den Unternehmern.\u201c<\/p>\n<p>Stark-Watzinger kritisierte das \u201ekreative Abschalten der Wirtschaft\u201c und forderte \u201emaximale Freiheit\u201c. Die FDP wolle sowohl in Hessen als auch in Berlin Verantwortung \u00fcbernehmen. Ruppert empfahl Stark-Watzinger als \u201egro\u00dfe Hoffnungstr\u00e4gerin in Hessen und im Bund\u201c. Sie sei \u201einteger, kompetent, ungeheuer flei\u00dfig und leistungsbereit\u201c. Sie biete also die beste Mischung, die man sich an der Spitze des besten FDP-Landesverbandes w\u00fcnschen k\u00f6nne.<\/p>\n<p>&nbsp;<\/p>\n<h3>Original Content:<\/h3>\n<p><a href=\"https:\/\/www.faz.net\/aktuell\/rhein-main\/fdp-chefin-stark-watzinger-fordert-maximale-freiheit-17266925.html\">faz.net<\/a>\u00a0 \u00a0&#8211;\u00a0 \u00a028.03.2021\u00a0 \u00a0&#8211;\u00a0 \u00a019:45 Uhr<\/p>\n<p>&nbsp;<\/p>\n<h3>Weitere Themen:<\/h3>\n<p><a title=\"FDP Bayern knackt Mitglieder-H\u00f6chstmarke \u2013 F\u00d6ST: Menschen haben genug von \u201eWeiter so\u201c\" href=\"https:\/\/fdp-aktiv.de\/blog\/2021\/03\/27\/fdp-bayern-knackt-mitglieder-hoechstmarke-foest-menschen-haben-genug-von-weiter-so\/\">FDP Bayern knackt Mitglieder-H\u00f6chstmarke \u2013 F\u00d6ST: Menschen haben genug von \u201eWeiter so\u201c<\/a><\/p>\n<p>&nbsp;<\/p>\n<p>&nbsp;<\/p>\n<p>&nbsp;<\/p>\n<p>&nbsp;<\/p>\n","protected":false},"excerpt":{"rendered":"<p>Die hessischen Liberalen w\u00e4hlen Bettina Stark-Watzinger mit gro\u00dfer Mehrheit zu ihrer Vorsitzenden. Scharfe Kritik \u00fcben sie an der Corona-Politik in Bund und Land. Die Bundestagsabgeordnete Bettina Stark-Watzinger ist neue Vorsitzende [&#8230;]<\/p>\n","protected":false},"author":1,"featured_media":0,"comment_status":"open","ping_status":"closed","sticky":false,"template":"","format":"standard","meta":{"footnotes":""},"categories":[4],"tags":[486,13,487],"class_list":["post-813","post","type-post","status-publish","format-standard","hentry","category-covid-19","tag-bettina-stark-watzinger","tag-fdp","tag-hessen"],"_links":{"self":[{"href":"https:\/\/fdp-aktiv.de\/blog\/wp-json\/wp\/v2\/posts\/813","targetHints":{"allow":["GET"]}}],"collection":[{"href":"https:\/\/fdp-aktiv.de\/blog\/wp-json\/wp\/v2\/posts"}],"about":[{"href":"https:\/\/fdp-aktiv.de\/blog\/wp-json\/wp\/v2\/types\/post"}],"author":[{"embeddable":true,"href":"https:\/\/fdp-aktiv.de\/blog\/wp-json\/wp\/v2\/users\/1"}],"replies":[{"embeddable":true,"href":"https:\/\/fdp-aktiv.de\/blog\/wp-json\/wp\/v2\/comments?post=813"}],"version-history":[{"count":1,"href":"https:\/\/fdp-aktiv.de\/blog\/wp-json\/wp\/v2\/posts\/813\/revisions"}],"predecessor-version":[{"id":815,"href":"https:\/\/fdp-aktiv.de\/blog\/wp-json\/wp\/v2\/posts\/813\/revisions\/815"}],"wp:attachment":[{"href":"https:\/\/fdp-aktiv.de\/blog\/wp-json\/wp\/v2\/media?parent=813"}],"wp:term":[{"taxonomy":"category","embeddable":true,"href":"https:\/\/fdp-aktiv.de\/blog\/wp-json\/wp\/v2\/categories?post=813"},{"taxonomy":"post_tag","embeddable":true,"href":"https:\/\/fdp-aktiv.de\/blog\/wp-json\/wp\/v2\/tags?post=813"}],"curies":[{"name":"wp","href":"https:\/\/api.w.org\/{rel}","templated":true}]}}