{"id":8141,"date":"2022-11-28T20:38:18","date_gmt":"2022-11-28T19:38:18","guid":{"rendered":"https:\/\/fdp-aktiv.de\/blog\/?p=8141"},"modified":"2022-11-28T20:38:18","modified_gmt":"2022-11-28T19:38:18","slug":"fischbach-alternativen-zur-lehrer-verbeamtung-muessen-auch-in-bayern-geprueft-werden","status":"publish","type":"post","link":"https:\/\/fdp-aktiv.de\/blog\/2022\/11\/28\/fischbach-alternativen-zur-lehrer-verbeamtung-muessen-auch-in-bayern-geprueft-werden\/","title":{"rendered":"FISCHBACH: Alternativen zur Lehrer-Verbeamtung m\u00fcssen auch in Bayern gepr\u00fcft werden"},"content":{"rendered":"<p>Der BR berichtet heute, dass der Steuerzahlerbund den Beamtenstatus in einigen Bereichen der \u00f6ffentlichen Verwaltung in Frage stellt. Etwa im Schul- und Lehrbetrieb geh\u00f6re der Status v\u00f6llig auf den Pr\u00fcfstand, so Verbandspr\u00e4sident Holznagel. Dazu der bildungspolitische Sprecher der FDP-Fraktion im Bayerischen Landtag\u00a0<strong>Matthias Fischbach<\/strong>:<\/p>\n<figure id=\"attachment_4142\" aria-describedby=\"caption-attachment-4142\" style=\"width: 800px\" class=\"wp-caption aligncenter\"><a href=\"https:\/\/fdp-aktiv.de\/blog\/wp-content\/uploads\/2022\/01\/Matthias_Fischbach_38854_0-scaled.jpg\"><img loading=\"lazy\" decoding=\"async\" class=\"size-large wp-image-4142\" src=\"https:\/\/fdp-aktiv.de\/blog\/wp-content\/uploads\/2022\/01\/Matthias_Fischbach_38854_0-1024x771.jpg\" alt=\"\" width=\"800\" height=\"602\" srcset=\"https:\/\/fdp-aktiv.de\/blog\/wp-content\/uploads\/2022\/01\/Matthias_Fischbach_38854_0-1024x771.jpg 1024w, https:\/\/fdp-aktiv.de\/blog\/wp-content\/uploads\/2022\/01\/Matthias_Fischbach_38854_0-300x226.jpg 300w, https:\/\/fdp-aktiv.de\/blog\/wp-content\/uploads\/2022\/01\/Matthias_Fischbach_38854_0-768x578.jpg 768w, https:\/\/fdp-aktiv.de\/blog\/wp-content\/uploads\/2022\/01\/Matthias_Fischbach_38854_0-1536x1157.jpg 1536w, https:\/\/fdp-aktiv.de\/blog\/wp-content\/uploads\/2022\/01\/Matthias_Fischbach_38854_0-2048x1542.jpg 2048w\" sizes=\"auto, (max-width: 800px) 100vw, 800px\" \/><\/a><figcaption id=\"caption-attachment-4142\" class=\"wp-caption-text\">Matthias Fischbach<\/figcaption><\/figure>\n<p>\u201eDer Vorsto\u00df des Steuerzahlerbunds muss auch in Bayern ernsthaft mit Blick auf neue Verbeamtungen diskutiert werden. F\u00fcr die Pensionskosten von weit \u00fcber 100.000 Lehrkr\u00e4ften in Bayern gibt es nicht ansatzweise eine ausreichende Vorsorge im Staatshaushalt. Das muss sich \u00e4ndern und hierf\u00fcr endlich ein ausreichender Kapitalstock angespart werden. Au\u00dferdem ist das Beamtensystem ein Hemmschuh f\u00fcr eine leistungsgerechte Entlohnung guter Lehrkr\u00e4fte. Gerade junge Lehrkr\u00e4fte werden aufgrund des beamtenrechtlichen Rahmens fast ausschlie\u00dflich mittelm\u00e4\u00dfig bewertet \u2013 trotz hervorragender Leistungen. Das ist ein absoluter Motivationskiller. Genauso schreckt das Beamtensystem auch all diejenigen ab, die nicht vom Kultusministerium zur Stellenbesetzung im ganzen Land herumgeschickt werden wollen. Wir brauchen uns nicht \u00fcber den Lehrkr\u00e4ftemangel wundern. Deshalb m\u00fcssen wir unseren Lehrkr\u00e4ften endlich anbieten, dass sie sich direkt bei einer Wunschschule f\u00fcr ein finanziell gleichwertiges Angestelltenverh\u00e4ltnis ohne Kettenbefristungen bewerben k\u00f6nnen.\u201c<\/p>\n","protected":false},"excerpt":{"rendered":"<p>Der BR berichtet heute, dass der Steuerzahlerbund den Beamtenstatus in einigen Bereichen der \u00f6ffentlichen Verwaltung in Frage stellt. Etwa im Schul- und Lehrbetrieb geh\u00f6re der Status v\u00f6llig auf den Pr\u00fcfstand, [&#8230;]<\/p>\n","protected":false},"author":1,"featured_media":0,"comment_status":"open","ping_status":"closed","sticky":false,"template":"","format":"standard","meta":{"footnotes":""},"categories":[34,55],"tags":[2852,322,188,160],"class_list":["post-8141","post","type-post","status-publish","format-standard","hentry","category-bildung","category-finanzen","tag-beamtenstatus","tag-fdp-bayern","tag-lehrer","tag-matthias-fischbach"],"_links":{"self":[{"href":"https:\/\/fdp-aktiv.de\/blog\/wp-json\/wp\/v2\/posts\/8141","targetHints":{"allow":["GET"]}}],"collection":[{"href":"https:\/\/fdp-aktiv.de\/blog\/wp-json\/wp\/v2\/posts"}],"about":[{"href":"https:\/\/fdp-aktiv.de\/blog\/wp-json\/wp\/v2\/types\/post"}],"author":[{"embeddable":true,"href":"https:\/\/fdp-aktiv.de\/blog\/wp-json\/wp\/v2\/users\/1"}],"replies":[{"embeddable":true,"href":"https:\/\/fdp-aktiv.de\/blog\/wp-json\/wp\/v2\/comments?post=8141"}],"version-history":[{"count":2,"href":"https:\/\/fdp-aktiv.de\/blog\/wp-json\/wp\/v2\/posts\/8141\/revisions"}],"predecessor-version":[{"id":8143,"href":"https:\/\/fdp-aktiv.de\/blog\/wp-json\/wp\/v2\/posts\/8141\/revisions\/8143"}],"wp:attachment":[{"href":"https:\/\/fdp-aktiv.de\/blog\/wp-json\/wp\/v2\/media?parent=8141"}],"wp:term":[{"taxonomy":"category","embeddable":true,"href":"https:\/\/fdp-aktiv.de\/blog\/wp-json\/wp\/v2\/categories?post=8141"},{"taxonomy":"post_tag","embeddable":true,"href":"https:\/\/fdp-aktiv.de\/blog\/wp-json\/wp\/v2\/tags?post=8141"}],"curies":[{"name":"wp","href":"https:\/\/api.w.org\/{rel}","templated":true}]}}