{"id":8259,"date":"2022-12-06T11:50:22","date_gmt":"2022-12-06T10:50:22","guid":{"rendered":"https:\/\/fdp-aktiv.de\/blog\/?p=8259"},"modified":"2022-12-06T11:50:22","modified_gmt":"2022-12-06T10:50:22","slug":"torsten-herbst-mdb-fdp-maskenpflicht-in-bussen-und-bahnen-auch-in-sachsen-abschaffen","status":"publish","type":"post","link":"https:\/\/fdp-aktiv.de\/blog\/2022\/12\/06\/torsten-herbst-mdb-fdp-maskenpflicht-in-bussen-und-bahnen-auch-in-sachsen-abschaffen\/","title":{"rendered":"Torsten Herbst MdB (FDP): Maskenpflicht in Bussen und Bahnen auch in Sachsen abschaffen"},"content":{"rendered":"<p>(Berlin\/Dresden\/06.12.2022) Als erstes Bundesland will Bayern Medienberichten zufolge die Maskenpflicht im \u00d6PNV ab dem kommenden Wochenende abschaffen. Dazu erkl\u00e4rt Torsten Herbst, s\u00e4chsischer Bundestagsabgeordneter und Parlamentarischer Gesch\u00e4ftsf\u00fchrer der Fraktion der Freien Demokraten im Deutschen Bundestag:<\/p>\n<p><a href=\"https:\/\/fdp-aktiv.de\/blog\/wp-content\/uploads\/2021\/12\/Torsten-Herbst.png\"><img loading=\"lazy\" decoding=\"async\" class=\"aligncenter size-full wp-image-3670\" src=\"https:\/\/fdp-aktiv.de\/blog\/wp-content\/uploads\/2021\/12\/Torsten-Herbst.png\" alt=\"\" width=\"545\" height=\"545\" srcset=\"https:\/\/fdp-aktiv.de\/blog\/wp-content\/uploads\/2021\/12\/Torsten-Herbst.png 545w, https:\/\/fdp-aktiv.de\/blog\/wp-content\/uploads\/2021\/12\/Torsten-Herbst-300x300.png 300w, https:\/\/fdp-aktiv.de\/blog\/wp-content\/uploads\/2021\/12\/Torsten-Herbst-150x150.png 150w, https:\/\/fdp-aktiv.de\/blog\/wp-content\/uploads\/2021\/12\/Torsten-Herbst-400x400.png 400w\" sizes=\"auto, (max-width: 545px) 100vw, 545px\" \/><\/a><\/p>\n<p>\u201eNach fast drei Jahren befinden wir uns in einer neuen Phase der Pandemie. Die S\u00e4chsische Staatsregierung sollte dem Vorbild Bayerns folgen und die Maskenpflicht in Bussen und Bahnen auch im Freistaat abschaffen. Denn entgegen so mancher d\u00fcsterer Vorhersagen ist die Corona-Infektionslage beherrschbar. Genau deshalb sind auch die pandemiebedingten Einschr\u00e4nkungen in Handel, Gastronomie, Kultur und weiteren Bereichen des \u00f6ffentlichen Lebens inzwischen Geschichte. Die Maskenpflicht kann deshalb von einer Maskenempfehlung abgel\u00f6st werden, um zur Normalit\u00e4t zur\u00fcckzukehren. Auch die Erfahrungen europ\u00e4ischer Nachbarl\u00e4nder ohne Maskenpflicht im \u00d6PNV sprechen f\u00fcr die Freiwilligkeit.<\/p>\n<p>Selbstverst\u00e4ndlich k\u00f6nnen \u00d6PNV-Nutzer Masken in Verkehrsmitteln weiterhin tragen, wenn sie dies f\u00fcr angemessen halten oder Fahrzeuge besonders voll sind. Statt Masken jedoch durch staatliche Vorgaben vorzuschreiben, sollten wir auch in diesem Bereich auf die Eigenverantwortung der B\u00fcrgerinnen und B\u00fcrger setzen.\u201c<\/p>\n","protected":false},"excerpt":{"rendered":"<p>(Berlin\/Dresden\/06.12.2022) Als erstes Bundesland will Bayern Medienberichten zufolge die Maskenpflicht im \u00d6PNV ab dem kommenden Wochenende abschaffen. Dazu erkl\u00e4rt Torsten Herbst, s\u00e4chsischer Bundestagsabgeordneter und Parlamentarischer Gesch\u00e4ftsf\u00fchrer der Fraktion der Freien [&#8230;]<\/p>\n","protected":false},"author":1,"featured_media":0,"comment_status":"open","ping_status":"closed","sticky":false,"template":"","format":"standard","meta":{"footnotes":""},"categories":[4],"tags":[16,10,1664,894,1801],"class_list":["post-8259","post","type-post","status-publish","format-standard","hentry","category-covid-19","tag-corona","tag-covid","tag-fdp-sachsen","tag-maskenpflicht","tag-oepnv"],"_links":{"self":[{"href":"https:\/\/fdp-aktiv.de\/blog\/wp-json\/wp\/v2\/posts\/8259","targetHints":{"allow":["GET"]}}],"collection":[{"href":"https:\/\/fdp-aktiv.de\/blog\/wp-json\/wp\/v2\/posts"}],"about":[{"href":"https:\/\/fdp-aktiv.de\/blog\/wp-json\/wp\/v2\/types\/post"}],"author":[{"embeddable":true,"href":"https:\/\/fdp-aktiv.de\/blog\/wp-json\/wp\/v2\/users\/1"}],"replies":[{"embeddable":true,"href":"https:\/\/fdp-aktiv.de\/blog\/wp-json\/wp\/v2\/comments?post=8259"}],"version-history":[{"count":1,"href":"https:\/\/fdp-aktiv.de\/blog\/wp-json\/wp\/v2\/posts\/8259\/revisions"}],"predecessor-version":[{"id":8260,"href":"https:\/\/fdp-aktiv.de\/blog\/wp-json\/wp\/v2\/posts\/8259\/revisions\/8260"}],"wp:attachment":[{"href":"https:\/\/fdp-aktiv.de\/blog\/wp-json\/wp\/v2\/media?parent=8259"}],"wp:term":[{"taxonomy":"category","embeddable":true,"href":"https:\/\/fdp-aktiv.de\/blog\/wp-json\/wp\/v2\/categories?post=8259"},{"taxonomy":"post_tag","embeddable":true,"href":"https:\/\/fdp-aktiv.de\/blog\/wp-json\/wp\/v2\/tags?post=8259"}],"curies":[{"name":"wp","href":"https:\/\/api.w.org\/{rel}","templated":true}]}}