{"id":8278,"date":"2022-12-06T17:54:28","date_gmt":"2022-12-06T16:54:28","guid":{"rendered":"https:\/\/fdp-aktiv.de\/blog\/?p=8278"},"modified":"2022-12-06T17:54:28","modified_gmt":"2022-12-06T16:54:28","slug":"hessen-deissler-dorn-deal-zum-ukgm-geht-in-die-zweite-runde","status":"publish","type":"post","link":"https:\/\/fdp-aktiv.de\/blog\/2022\/12\/06\/hessen-deissler-dorn-deal-zum-ukgm-geht-in-die-zweite-runde\/","title":{"rendered":"Hessen &#8211; DEI\u00dfLER: Dorn-Deal zum UKGM geht in die zweite Runde"},"content":{"rendered":"<div class=\"clearfix text-formatted field field--name-body field--type-text-with-summary field--label-hidden field__item\">\n<p><strong>Die Landesregierung hat gestern erkl\u00e4rt, dass in der Diskussion um die finanzielle Ausstattung des Universit\u00e4tsklinikums Gie\u00dfen-Marburg (UKGM) ein Durchbruch erzielt worden sei. Dazu erkl\u00e4rt die wissenschafts- und hochschulpolitische Sprecherin der Fraktion der Freien Demokraten im Hessischen Landtag, Lisa DEI\u00dfLER:\u00a0<\/strong><\/p>\n<figure id=\"attachment_3972\" aria-describedby=\"caption-attachment-3972\" style=\"width: 683px\" class=\"wp-caption aligncenter\"><a href=\"https:\/\/fdp-aktiv.de\/blog\/wp-content\/uploads\/2022\/01\/Deissler_Pressefoto.jpg\"><img loading=\"lazy\" decoding=\"async\" class=\"size-large wp-image-3972\" src=\"https:\/\/fdp-aktiv.de\/blog\/wp-content\/uploads\/2022\/01\/Deissler_Pressefoto-683x1024.jpg\" alt=\"\" width=\"683\" height=\"1024\" srcset=\"https:\/\/fdp-aktiv.de\/blog\/wp-content\/uploads\/2022\/01\/Deissler_Pressefoto-683x1024.jpg 683w, https:\/\/fdp-aktiv.de\/blog\/wp-content\/uploads\/2022\/01\/Deissler_Pressefoto-200x300.jpg 200w, https:\/\/fdp-aktiv.de\/blog\/wp-content\/uploads\/2022\/01\/Deissler_Pressefoto-768x1152.jpg 768w, https:\/\/fdp-aktiv.de\/blog\/wp-content\/uploads\/2022\/01\/Deissler_Pressefoto.jpg 800w\" sizes=\"auto, (max-width: 683px) 100vw, 683px\" \/><\/a><figcaption id=\"caption-attachment-3972\" class=\"wp-caption-text\">Lisa Dei\u00dfler. FDP<\/figcaption><\/figure>\n<p>\u201eDass eine Einigung zwischen dem Land und der Rh\u00f6n-Klinikum AG als UKGM-Eigent\u00fcmerin in Sicht ist, ist ein positives Signal f\u00fcr die Gesundheitsversorgung in Mittelhessen und die Besch\u00e4ftigten. Allerdings hat die Landesregierung in ihrer Erkl\u00e4rung viele wesentliche Fragen offengelassen, unter anderem, wie die Einigung f\u00fcr die Berechnung des Restwerts der Investitionsmittel aussieht. Das war bisher der gro\u00dfe Streitpunkt der Verhandlungsparteien. Pl\u00f6tzlich tauchen neue Investitionszusagen auf &#8211; diese begr\u00fc\u00dfen wir ausdr\u00fccklich. Hier bedarf es noch einiger Erl\u00e4uterungen der zust\u00e4ndigen Ministerin Angela Dorn. Ihr Dorn-Deal 2 ist nun die Nachspielzeit f\u00fcr die im Juni dieses Jahres durch die Rh\u00f6n-Klinikum AG gek\u00fcndigte Zukunftsvereinbarung.\u201c<\/p>\n<\/div>\n","protected":false},"excerpt":{"rendered":"<p>Die Landesregierung hat gestern erkl\u00e4rt, dass in der Diskussion um die finanzielle Ausstattung des Universit\u00e4tsklinikums Gie\u00dfen-Marburg (UKGM) ein Durchbruch erzielt worden sei. Dazu erkl\u00e4rt die wissenschafts- und hochschulpolitische Sprecherin der [&#8230;]<\/p>\n","protected":false},"author":1,"featured_media":0,"comment_status":"open","ping_status":"closed","sticky":false,"template":"","format":"standard","meta":{"footnotes":""},"categories":[123],"tags":[635,1756,2430],"class_list":["post-8278","post","type-post","status-publish","format-standard","hentry","category-gesundheit","tag-fdp-hessen","tag-lisa-deissler","tag-ukgm"],"_links":{"self":[{"href":"https:\/\/fdp-aktiv.de\/blog\/wp-json\/wp\/v2\/posts\/8278","targetHints":{"allow":["GET"]}}],"collection":[{"href":"https:\/\/fdp-aktiv.de\/blog\/wp-json\/wp\/v2\/posts"}],"about":[{"href":"https:\/\/fdp-aktiv.de\/blog\/wp-json\/wp\/v2\/types\/post"}],"author":[{"embeddable":true,"href":"https:\/\/fdp-aktiv.de\/blog\/wp-json\/wp\/v2\/users\/1"}],"replies":[{"embeddable":true,"href":"https:\/\/fdp-aktiv.de\/blog\/wp-json\/wp\/v2\/comments?post=8278"}],"version-history":[{"count":1,"href":"https:\/\/fdp-aktiv.de\/blog\/wp-json\/wp\/v2\/posts\/8278\/revisions"}],"predecessor-version":[{"id":8279,"href":"https:\/\/fdp-aktiv.de\/blog\/wp-json\/wp\/v2\/posts\/8278\/revisions\/8279"}],"wp:attachment":[{"href":"https:\/\/fdp-aktiv.de\/blog\/wp-json\/wp\/v2\/media?parent=8278"}],"wp:term":[{"taxonomy":"category","embeddable":true,"href":"https:\/\/fdp-aktiv.de\/blog\/wp-json\/wp\/v2\/categories?post=8278"},{"taxonomy":"post_tag","embeddable":true,"href":"https:\/\/fdp-aktiv.de\/blog\/wp-json\/wp\/v2\/tags?post=8278"}],"curies":[{"name":"wp","href":"https:\/\/api.w.org\/{rel}","templated":true}]}}