{"id":838,"date":"2021-03-31T10:11:52","date_gmt":"2021-03-31T08:11:52","guid":{"rendered":"https:\/\/fdp-aktiv.de\/blog\/?p=838"},"modified":"2021-03-31T10:11:52","modified_gmt":"2021-03-31T08:11:52","slug":"grosses-interesse-an-modellprojekten-fuer-corona-lockerungen","status":"publish","type":"post","link":"https:\/\/fdp-aktiv.de\/blog\/2021\/03\/31\/grosses-interesse-an-modellprojekten-fuer-corona-lockerungen\/","title":{"rendered":"Gro\u00dfes Interesse an Modellprojekten f\u00fcr Corona-Lockerungen"},"content":{"rendered":"<p><img decoding=\"async\" src=\"https:\/\/ais-akamai.rtl.de\/masters\/1613026\/1686x0\/lbiesdxmujknz4ugizeb633wom.jpg\" alt=\"Zwei FFP3 Atemschutzmasken liegen auf einem Tisch im Sonnenschein. Foto: Karl-Josef Hildenbrand\/dpa\/Archivbild\" \/><\/p>\n<div class=\"margin_top margin_bottom\">\n<p class=\"color_gray_warm body_sm font_secondary\">30. M\u00e4rz 2021 &#8211; 14:51\u00a0Uhr<\/p>\n<\/div>\n<section class=\"content \" data-type=\"text\">\n<p class=\"font_primary color_black article-text font-weight-normal bold\">D\u00fcsseldorf (dpa\/lnw) &#8211; Mehr als 40 Kommunen in Nordrhein-Westfalen wollen bei den Modellprojekten f\u00fcr \u00d6ffnungen des gesellschaftlichen Lebens mit strengen Schutz- und Testkonzepten mitmachen. In der Woche nach Ostern sollten zun\u00e4chst sechs bis acht ausgew\u00e4hlte Kommunen aus verschiedenen Landesteilen bekannt gegeben werden, sagte Wirtschaftsminister Andreas Pinkwart (FDP) am Dienstag in D\u00fcsseldorf. Erste Ergebnisse sollen Ende April vorliegen. Zeitlich befristet seien die wissenschaftlich begleiteten Projekte nicht.<\/p>\n<\/section>\n<section class=\"content \" data-type=\"text\">\n<p class=\"font_primary color_black article-text font-weight-normal bold\">&#8220;Wir k\u00f6nnen nicht nur auf reinen Lockdown setzen zw\u00f6lf Monate nach Ausbruch der Pandemie&#8221;, sagte Pinkwart. Vermutlich bis September werde das Land noch mit einer &#8220;erheblichen Pandemie-Last&#8221; zu tun haben. Die Pandemie m\u00fcsse daher &#8220;intelligent und verantwortungsvoll gemanagt werden.<\/p>\n<\/section>\n<section class=\"content \" data-type=\"text\">\n<p class=\"font_primary color_black article-text font-weight-normal bold\">Corona habe neben zum Teil schwersten Erkrankungen auch viel pers\u00f6nliches Leid gebracht, sagte Pinkwart. Viele Unternehmen und Gesch\u00e4fte seien in finanziellen Schwierigkeiten. Allein in NRW seien bislang bereits mehr als sieben Milliarden Euro an Bundes- und Landesmitteln f\u00fcr die Betriebe bereitgestellt worden.<\/p>\n<\/section>\n<section class=\"content \" data-type=\"text\">\n<p class=\"font_primary color_black article-text font-weight-normal bold\">F\u00fcr die Teilnahme an den Modellprojekten gelten laut Pinkwart strenge Kriterien. Vor allem gehe es nicht darum, fl\u00e4chendeckende \u00d6ffnungen aller gesellschaftlichen Lebensbereiche oder ganzer Innenst\u00e4dte zugleich zu erm\u00f6glichen, betonte der FDP-Politiker. &#8220;Das w\u00e4re vor dem Hintergrund des aktuellen Pandemiegeschehens nicht zu verantworten.&#8221;<\/p>\n<\/section>\n<section class=\"content \" data-type=\"text\">\n<p class=\"font_primary color_black article-text font-weight-normal bold\">Vielmehr solle an ausgew\u00e4hlten Projekten aus klar abgegrenzten Bereichen wie Sport, Jugend und Freizeit, Theater und Kulturst\u00e4tten, Handel oder Au\u00dfengastronomie beispielhaft ein digital gest\u00fctztes Pandemiemanagement demonstriert werden. Bei der Auswahl der Kommunen w\u00fcrden verschiedene Bereiche ber\u00fccksichtigt.<\/p>\n<\/section>\n<section class=\"content \" data-type=\"text\">\n<p class=\"font_primary color_black article-text font-weight-normal bold\">Ein Grenzwert der Corona-Inzidenz als Teilnahmebedingung wird zwar nicht festgelegt. Es werde aber bei der Auswahl darauf geachtet, dass die Kommunen die Projekte verantwortungsvoll durchf\u00fchren k\u00f6nnten, sagte Pinkwart. Es gebe zudem &#8220;klare Abbruch-Kriterien&#8221; f\u00fcr die Projekte, etwa wenn die Corona-Neuinfektionen erheblich \u00fcber den Landesdurchschnitt steigen sollten oder es unklare Infektions-Cluster gebe. Auch die begleitenden Wissenschaftler k\u00f6nnten das Projekt abbrechen. Finanzieren m\u00fcssen St\u00e4dte und Gemeinden die Modellprojekte selbst.<\/p>\n<\/section>\n<section class=\"content \" data-type=\"text\">\n<p class=\"font_primary color_black article-text font-weight-normal bold\">Interessierte St\u00e4dte und Gemeinden m\u00fcssen laut Pinkwart umfangreiche digitale Kompetenzen mitbringen, Start-ups und m\u00f6glichst auch Hochschulen einbinden und eng mit digitalen Dienstleistern vor Ort zusammenarbeiten. Sie sollen zudem Corona-Registrierungs-Apps nutzen. Dabei setze das Land auf die &#8220;Pluralit\u00e4t der Angebote&#8221; und auf eine technische L\u00f6sung, die die verschiedenen Anbieter verbinde. Das jeweilige Gesundheitsamt solle zur Kontaktnachverfolgung die Software Sormas einsetzen. Die Corona-Testzentren m\u00fcssten \u00fcber eine gute IT-Ausstattung verf\u00fcgen. Das Modellregionen-Projekt hatten Bund und L\u00e4nder bei der Ministerpr\u00e4sidentenkonferenz vergangene Woche bundesweit beschlossen.<\/p>\n<\/section>\n<section class=\"content \" data-type=\"text\">\n<h3 class=\"font_primary color_black article-text font-weight-normal bold\">Quelle:<\/h3>\n<p><a href=\"https:\/\/www.rtl.de\/cms\/grosses-interesse-an-modellprojekten-fuer-corona-lockerungen-4732558.html\">RTL.de<\/a>\u00a0 \u00a0&#8211;\u00a0 \u00a031.03.21\u00a0 \u00a0&#8211;\u00a0 \u00a010:00 Uhr<\/section>\n<section data-type=\"text\"><\/section>\n<h4 data-type=\"text\">Mehr zum Thema:<\/h4>\n<section data-type=\"text\"><a title=\"FDP will Land \u201ehochfahren\u201c und \u201eDrama\u201c Kenia beenden\" href=\"https:\/\/fdp-aktiv.de\/blog\/2021\/03\/31\/fdp-will-land-hochfahren-und-drama-kenia-beenden\/\">FDP will Land \u201ehochfahren\u201c und \u201eDrama\u201c Kenia beenden<\/a><\/section>\n<section data-type=\"text\"><a title=\"Lindner fordert Klarheit \u00fcber Merkels Corona-Pl\u00e4ne\" href=\"https:\/\/fdp-aktiv.de\/blog\/2021\/03\/30\/lindner-fordert-klarheit-ueber-merkels-corona-plaene\/\">Lindner fordert Klarheit \u00fcber Merkels Corona-Pl\u00e4ne<\/a><\/section>\n","protected":false},"excerpt":{"rendered":"<p>30. M\u00e4rz 2021 &#8211; 14:51\u00a0Uhr D\u00fcsseldorf (dpa\/lnw) &#8211; Mehr als 40 Kommunen in Nordrhein-Westfalen wollen bei den Modellprojekten f\u00fcr \u00d6ffnungen des gesellschaftlichen Lebens mit strengen Schutz- und Testkonzepten mitmachen. In [&#8230;]<\/p>\n","protected":false},"author":1,"featured_media":0,"comment_status":"open","ping_status":"closed","sticky":false,"template":"","format":"standard","meta":{"footnotes":""},"categories":[4,8],"tags":[436,16,13,217,510],"class_list":["post-838","post","type-post","status-publish","format-standard","hentry","category-covid-19","category-wirtschaft","tag-andreas-pinkwart","tag-corona","tag-fdp","tag-lockerungen","tag-modellkommune"],"_links":{"self":[{"href":"https:\/\/fdp-aktiv.de\/blog\/wp-json\/wp\/v2\/posts\/838","targetHints":{"allow":["GET"]}}],"collection":[{"href":"https:\/\/fdp-aktiv.de\/blog\/wp-json\/wp\/v2\/posts"}],"about":[{"href":"https:\/\/fdp-aktiv.de\/blog\/wp-json\/wp\/v2\/types\/post"}],"author":[{"embeddable":true,"href":"https:\/\/fdp-aktiv.de\/blog\/wp-json\/wp\/v2\/users\/1"}],"replies":[{"embeddable":true,"href":"https:\/\/fdp-aktiv.de\/blog\/wp-json\/wp\/v2\/comments?post=838"}],"version-history":[{"count":1,"href":"https:\/\/fdp-aktiv.de\/blog\/wp-json\/wp\/v2\/posts\/838\/revisions"}],"predecessor-version":[{"id":839,"href":"https:\/\/fdp-aktiv.de\/blog\/wp-json\/wp\/v2\/posts\/838\/revisions\/839"}],"wp:attachment":[{"href":"https:\/\/fdp-aktiv.de\/blog\/wp-json\/wp\/v2\/media?parent=838"}],"wp:term":[{"taxonomy":"category","embeddable":true,"href":"https:\/\/fdp-aktiv.de\/blog\/wp-json\/wp\/v2\/categories?post=838"},{"taxonomy":"post_tag","embeddable":true,"href":"https:\/\/fdp-aktiv.de\/blog\/wp-json\/wp\/v2\/tags?post=838"}],"curies":[{"name":"wp","href":"https:\/\/api.w.org\/{rel}","templated":true}]}}