{"id":8529,"date":"2022-12-16T18:24:37","date_gmt":"2022-12-16T17:24:37","guid":{"rendered":"https:\/\/fdp-aktiv.de\/blog\/?p=8529"},"modified":"2022-12-16T18:24:37","modified_gmt":"2022-12-16T17:24:37","slug":"sachsen-anhalt-silbersack-auch-kleinunternehmen-und-handwerkern-mit-energiehilfen-zur-seite-stehen","status":"publish","type":"post","link":"https:\/\/fdp-aktiv.de\/blog\/2022\/12\/16\/sachsen-anhalt-silbersack-auch-kleinunternehmen-und-handwerkern-mit-energiehilfen-zur-seite-stehen\/","title":{"rendered":"Sachsen-Anhalt &#8211; Silbersack: Auch Kleinunternehmen und Handwerkern mit Energiehilfen zur Seite stehen"},"content":{"rendered":"<p>Mit der heute vom Bundesrat beschlossenen Strom- und Gaspreisbremse wird es sowohl f\u00fcr private Haushalte als auch f\u00fcr Unternehmen eine sp\u00fcrbare Entlastung von den hohen Energiekosten geben. Dazu sagte Andreas Silbersack, Fraktionsvorsitzender der FDP-Landtagsfraktion Sachsen-Anhalt: \u201eAuch in Sachsen-Anhalt k\u00f6nnen die Menschen nun in der Gewissheit Weihnachten feiern, dass sie im kommenden Jahr nicht nur von weiter exorbitant steigenden Energiepreisen entlastet werden, sondern h\u00e4ufig sogar von sinkenden Kosten profitieren.\u201c<\/p>\n<figure id=\"attachment_3673\" aria-describedby=\"caption-attachment-3673\" style=\"width: 1000px\" class=\"wp-caption aligncenter\"><a href=\"https:\/\/fdp-aktiv.de\/blog\/wp-content\/uploads\/2021\/12\/Andreas-Silbersack-Pressefoto-1.jpg\"><img loading=\"lazy\" decoding=\"async\" class=\"size-full wp-image-3673\" src=\"https:\/\/fdp-aktiv.de\/blog\/wp-content\/uploads\/2021\/12\/Andreas-Silbersack-Pressefoto-1.jpg\" alt=\"\" width=\"1000\" height=\"667\" srcset=\"https:\/\/fdp-aktiv.de\/blog\/wp-content\/uploads\/2021\/12\/Andreas-Silbersack-Pressefoto-1.jpg 1000w, https:\/\/fdp-aktiv.de\/blog\/wp-content\/uploads\/2021\/12\/Andreas-Silbersack-Pressefoto-1-300x200.jpg 300w, https:\/\/fdp-aktiv.de\/blog\/wp-content\/uploads\/2021\/12\/Andreas-Silbersack-Pressefoto-1-768x512.jpg 768w\" sizes=\"auto, (max-width: 1000px) 100vw, 1000px\" \/><\/a><figcaption id=\"caption-attachment-3673\" class=\"wp-caption-text\">Andreas Silbersack &#8211; Pressefoto 1<\/figcaption><\/figure>\n<p>&nbsp;<\/p>\n<p>Die Energiepreisbremsen, die formal ab M\u00e4rz greifen, gelten r\u00fcckwirkend zum 1. Januar. F\u00fcr gro\u00dfe Unternehmen kann die Gaspreisbremse schon zum 1. Januar eingef\u00fchrt werden. \u201eDamit ist auch der Weiterbetrieb vieler Betriebe gesichert, die zuletzt wegen der hohen Energiepreise in Existenznot geraten sind\u201c, erkl\u00e4rte Silbersack.<\/p>\n<p>Der Bund stellt zudem aus dem Wirtschaftsstabilisierungsfonds im Rahmen eines H\u00e4rtefallfonds zus\u00e4tzliche Mittel in H\u00f6he von einer Milliarde Euro bereit, um kleinen und mittleren Unternehmen in der Energiekrise beiseitezustehen. &#8220;Gerade diese Firmen, zu denen auch das Handwerk geh\u00f6rt, brauchen dringend unsere Unterst\u00fctzung&#8221;, betonte Silbersack: &#8220;Nach dem K\u00f6nigsteiner Schl\u00fcssel stehen Sachsen-Anhalt aus den Bundesmitteln demnach etwa 30 Millionen Euro f\u00fcr Hilfen zur Verf\u00fcgung. Aus dem Bund gibt es zur Verwendung der Mittel relativ wenig Vorgaben. Die Landesregierung ist nun am Zug. Es kommt jetzt auf die richtige Ausgestaltung an, um dem Mittelstand in Sachsen-Anhalt in dieser Krise zu unterst\u00fctzen.&#8221;<\/p>\n","protected":false},"excerpt":{"rendered":"<p>Mit der heute vom Bundesrat beschlossenen Strom- und Gaspreisbremse wird es sowohl f\u00fcr private Haushalte als auch f\u00fcr Unternehmen eine sp\u00fcrbare Entlastung von den hohen Energiekosten geben. Dazu sagte Andreas [&#8230;]<\/p>\n","protected":false},"author":1,"featured_media":0,"comment_status":"open","ping_status":"closed","sticky":false,"template":"","format":"standard","meta":{"footnotes":""},"categories":[1979],"tags":[1706,2738,857,2714],"class_list":["post-8529","post","type-post","status-publish","format-standard","hentry","category-energie","tag-andreas-silbersack","tag-energiepreisbremse","tag-fdp-lsa","tag-gaspreisbremse"],"_links":{"self":[{"href":"https:\/\/fdp-aktiv.de\/blog\/wp-json\/wp\/v2\/posts\/8529","targetHints":{"allow":["GET"]}}],"collection":[{"href":"https:\/\/fdp-aktiv.de\/blog\/wp-json\/wp\/v2\/posts"}],"about":[{"href":"https:\/\/fdp-aktiv.de\/blog\/wp-json\/wp\/v2\/types\/post"}],"author":[{"embeddable":true,"href":"https:\/\/fdp-aktiv.de\/blog\/wp-json\/wp\/v2\/users\/1"}],"replies":[{"embeddable":true,"href":"https:\/\/fdp-aktiv.de\/blog\/wp-json\/wp\/v2\/comments?post=8529"}],"version-history":[{"count":1,"href":"https:\/\/fdp-aktiv.de\/blog\/wp-json\/wp\/v2\/posts\/8529\/revisions"}],"predecessor-version":[{"id":8532,"href":"https:\/\/fdp-aktiv.de\/blog\/wp-json\/wp\/v2\/posts\/8529\/revisions\/8532"}],"wp:attachment":[{"href":"https:\/\/fdp-aktiv.de\/blog\/wp-json\/wp\/v2\/media?parent=8529"}],"wp:term":[{"taxonomy":"category","embeddable":true,"href":"https:\/\/fdp-aktiv.de\/blog\/wp-json\/wp\/v2\/categories?post=8529"},{"taxonomy":"post_tag","embeddable":true,"href":"https:\/\/fdp-aktiv.de\/blog\/wp-json\/wp\/v2\/tags?post=8529"}],"curies":[{"name":"wp","href":"https:\/\/api.w.org\/{rel}","templated":true}]}}