{"id":8538,"date":"2022-12-16T18:35:31","date_gmt":"2022-12-16T17:35:31","guid":{"rendered":"https:\/\/fdp-aktiv.de\/blog\/?p=8538"},"modified":"2022-12-16T18:35:31","modified_gmt":"2022-12-16T17:35:31","slug":"fdp-bundestag-herbrand-jahressteuergesetz-sorgt-fuer-abbau-von-buerokratie-und-finanziellen-belastungen","status":"publish","type":"post","link":"https:\/\/fdp-aktiv.de\/blog\/2022\/12\/16\/fdp-bundestag-herbrand-jahressteuergesetz-sorgt-fuer-abbau-von-buerokratie-und-finanziellen-belastungen\/","title":{"rendered":"FDP-Bundestag &#8211; HERBRAND: Jahressteuergesetz sorgt f\u00fcr Abbau von B\u00fcrokratie und finanziellen Belastungen"},"content":{"rendered":"<div class=\"clearfix text-formatted field field--name-body field--type-text-with-summary field--label-hidden field__item\">\n<p>Zur Verabschiedung des Jahressteuergesetzes im Bundesrat erkl\u00e4rt der finanzpolitische Sprecher der FDP-Fraktion Markus Herbrand:<\/p>\n<p><a href=\"https:\/\/fdp-aktiv.de\/blog\/wp-content\/uploads\/2022\/01\/Herbrand_1a-scaled.jpg\"><img loading=\"lazy\" decoding=\"async\" class=\"aligncenter size-large wp-image-3985\" src=\"https:\/\/fdp-aktiv.de\/blog\/wp-content\/uploads\/2022\/01\/Herbrand_1a-1024x864.jpg\" alt=\"\" width=\"800\" height=\"675\" srcset=\"https:\/\/fdp-aktiv.de\/blog\/wp-content\/uploads\/2022\/01\/Herbrand_1a-1024x864.jpg 1024w, https:\/\/fdp-aktiv.de\/blog\/wp-content\/uploads\/2022\/01\/Herbrand_1a-300x253.jpg 300w, https:\/\/fdp-aktiv.de\/blog\/wp-content\/uploads\/2022\/01\/Herbrand_1a-768x648.jpg 768w, https:\/\/fdp-aktiv.de\/blog\/wp-content\/uploads\/2022\/01\/Herbrand_1a-1536x1296.jpg 1536w, https:\/\/fdp-aktiv.de\/blog\/wp-content\/uploads\/2022\/01\/Herbrand_1a-2048x1728.jpg 2048w\" sizes=\"auto, (max-width: 800px) 100vw, 800px\" \/><\/a><\/p>\n<p>\u201eDie Zustimmung des Bundesrates zum Jahressteuergesetz ist richtig und zeigt sehr deutlich, dass die Ampel mit dem Gesetzespaket die richtigen Priorit\u00e4ten setzt: Wir stellen die Weichen f\u00fcr nachhaltiges Wachstum sowie f\u00fcr den sp\u00fcrbaren Abbau von unn\u00f6tiger B\u00fcrokratie und finanziellen Belastungen. Modernisieren, vereinfachen, entlasten \u2013 diesen Dreiklang f\u00fchren wir mit dem Jahressteuergesetz fort. Es ist gut, dass dies letztlich auch die Union erkannt hat. Das Jahressteuergesetz sorgt f\u00fcr deutliche Vereinfachungen und Entlastungen. Wir entfristen und erh\u00f6hen die Homeoffice-Pauschale, vereinfachen die Regelungen zur Anerkennung des Arbeitszimmers in den eigenen vier W\u00e4nden und erh\u00f6hen den Pauschbetrag auf Kapitalverm\u00f6gen auf 1000 Euro. Das milliardenschwere Investitions- und Entlastungspaket zeigt deutlich, dass wir auch in Krisenzeiten die richtigen Priorit\u00e4ten setzen. Der Betrieb von Photovoltaikanlagen bis 30 kW auf Einfamilienh\u00e4usern und bis 15 kW auf sonstigen Geb\u00e4uden wird r\u00fcckwirkend zum 01.01.2022 von der Einkommensteuer befreit. Erstmals f\u00fchren wir einen Umsatzsteuersatz von Null f\u00fcr die Lieferung und Installation von Photovoltaik-Anlagen ein. Zusammen mit der Finanzverwaltung werden die Anlagenbetreiber damit erheblich von B\u00fcrokratieaufwand entlastet. Wir f\u00f6rdern damit zielf\u00fchrende Ma\u00dfnahmen zum Ausbau Erneuerbarer Energien.\u201c<\/p>\n<\/div>\n","protected":false},"excerpt":{"rendered":"<p>Zur Verabschiedung des Jahressteuergesetzes im Bundesrat erkl\u00e4rt der finanzpolitische Sprecher der FDP-Fraktion Markus Herbrand: \u201eDie Zustimmung des Bundesrates zum Jahressteuergesetz ist richtig und zeigt sehr deutlich, dass die Ampel mit [&#8230;]<\/p>\n","protected":false},"author":1,"featured_media":0,"comment_status":"open","ping_status":"closed","sticky":false,"template":"","format":"standard","meta":{"footnotes":""},"categories":[55],"tags":[2688,2873,984],"class_list":["post-8538","post","type-post","status-publish","format-standard","hentry","category-finanzen","tag-fdp-bundestag","tag-jahressteuergesetz","tag-markus-herbrand"],"_links":{"self":[{"href":"https:\/\/fdp-aktiv.de\/blog\/wp-json\/wp\/v2\/posts\/8538","targetHints":{"allow":["GET"]}}],"collection":[{"href":"https:\/\/fdp-aktiv.de\/blog\/wp-json\/wp\/v2\/posts"}],"about":[{"href":"https:\/\/fdp-aktiv.de\/blog\/wp-json\/wp\/v2\/types\/post"}],"author":[{"embeddable":true,"href":"https:\/\/fdp-aktiv.de\/blog\/wp-json\/wp\/v2\/users\/1"}],"replies":[{"embeddable":true,"href":"https:\/\/fdp-aktiv.de\/blog\/wp-json\/wp\/v2\/comments?post=8538"}],"version-history":[{"count":1,"href":"https:\/\/fdp-aktiv.de\/blog\/wp-json\/wp\/v2\/posts\/8538\/revisions"}],"predecessor-version":[{"id":8539,"href":"https:\/\/fdp-aktiv.de\/blog\/wp-json\/wp\/v2\/posts\/8538\/revisions\/8539"}],"wp:attachment":[{"href":"https:\/\/fdp-aktiv.de\/blog\/wp-json\/wp\/v2\/media?parent=8538"}],"wp:term":[{"taxonomy":"category","embeddable":true,"href":"https:\/\/fdp-aktiv.de\/blog\/wp-json\/wp\/v2\/categories?post=8538"},{"taxonomy":"post_tag","embeddable":true,"href":"https:\/\/fdp-aktiv.de\/blog\/wp-json\/wp\/v2\/tags?post=8538"}],"curies":[{"name":"wp","href":"https:\/\/api.w.org\/{rel}","templated":true}]}}