{"id":8574,"date":"2022-12-19T06:31:40","date_gmt":"2022-12-19T05:31:40","guid":{"rendered":"https:\/\/fdp-aktiv.de\/blog\/?p=8574"},"modified":"2022-12-19T06:31:40","modified_gmt":"2022-12-19T05:31:40","slug":"berlin-christian-wolf-zur-ibb-studie-bezueglich-des-ausbaus-von-solaranlagen-in-berlin","status":"publish","type":"post","link":"https:\/\/fdp-aktiv.de\/blog\/2022\/12\/19\/berlin-christian-wolf-zur-ibb-studie-bezueglich-des-ausbaus-von-solaranlagen-in-berlin\/","title":{"rendered":"BERLIN: Christian Wolf zur IBB-Studie bez\u00fcglich des Ausbaus von Solaranlagen in Berlin:"},"content":{"rendered":"<figure id=\"attachment_3538\" aria-describedby=\"caption-attachment-3538\" style=\"width: 800px\" class=\"wp-caption aligncenter\"><a href=\"https:\/\/fdp-aktiv.de\/blog\/wp-content\/uploads\/2021\/12\/solar-cell-4045029_1280.jpg\"><img loading=\"lazy\" decoding=\"async\" class=\"size-large wp-image-3538\" src=\"https:\/\/fdp-aktiv.de\/blog\/wp-content\/uploads\/2021\/12\/solar-cell-4045029_1280-1024x682.jpg\" alt=\"\" width=\"800\" height=\"533\" srcset=\"https:\/\/fdp-aktiv.de\/blog\/wp-content\/uploads\/2021\/12\/solar-cell-4045029_1280-1024x682.jpg 1024w, https:\/\/fdp-aktiv.de\/blog\/wp-content\/uploads\/2021\/12\/solar-cell-4045029_1280-300x200.jpg 300w, https:\/\/fdp-aktiv.de\/blog\/wp-content\/uploads\/2021\/12\/solar-cell-4045029_1280-768x512.jpg 768w, https:\/\/fdp-aktiv.de\/blog\/wp-content\/uploads\/2021\/12\/solar-cell-4045029_1280.jpg 1280w\" sizes=\"auto, (max-width: 800px) 100vw, 800px\" \/><\/a><figcaption id=\"caption-attachment-3538\" class=\"wp-caption-text\">Bild von <a href=\"https:\/\/pixabay.com\/de\/users\/bru-no-1161770\/?utm_source=link-attribution&amp;utm_medium=referral&amp;utm_campaign=image&amp;utm_content=4045029\">Bruno \/Germany<\/a> auf <a href=\"https:\/\/pixabay.com\/de\/?utm_source=link-attribution&amp;utm_medium=referral&amp;utm_campaign=image&amp;utm_content=4045029\">Pixabay<\/a><\/figcaption><\/figure>\n<p>\u201eDie vorliegende Studie der IBB best\u00e4tigt die FDP-Fraktion in ihrer Forderung bez\u00fcglich des beschleunigten Ausbaus der Energieinfrastruktur. Ganz speziell des Solarausbaus. Die aktuelle rot-gr\u00fcn-rote Regierungskoalition l\u00e4sst hier jede Ambition vermissen. Weder gibt es eine Wasserstoff-, noch eine Speicherstrategie f\u00fcr Berlin und der Ausbau der\u00a0Photovoltaik\u00a0hinkt den ambitionierten Zielen des Masterplans Solarcity deutlich hinterher. Fertige Solaranlagen warten monatelang auf ihre Inbetriebsetzung und Mieterstromvorhaben der Stadtwerke stocken. Man gewinnt den Eindruck, dass die Koalition den Ernst der Lage noch nicht erkannt hat.\u201c<\/p>\n","protected":false},"excerpt":{"rendered":"<p>\u201eDie vorliegende Studie der IBB best\u00e4tigt die FDP-Fraktion in ihrer Forderung bez\u00fcglich des beschleunigten Ausbaus der Energieinfrastruktur. Ganz speziell des Solarausbaus. Die aktuelle rot-gr\u00fcn-rote Regierungskoalition l\u00e4sst hier jede Ambition vermissen. [&#8230;]<\/p>\n","protected":false},"author":1,"featured_media":0,"comment_status":"open","ping_status":"closed","sticky":false,"template":"","format":"standard","meta":{"footnotes":""},"categories":[1979],"tags":[2217,2009,706,2929,225,1828],"class_list":["post-8574","post","type-post","status-publish","format-standard","hentry","category-energie","tag-christian-wolf","tag-energie","tag-fdp-berlin","tag-ibb","tag-infrastruktur","tag-solarenergie"],"_links":{"self":[{"href":"https:\/\/fdp-aktiv.de\/blog\/wp-json\/wp\/v2\/posts\/8574","targetHints":{"allow":["GET"]}}],"collection":[{"href":"https:\/\/fdp-aktiv.de\/blog\/wp-json\/wp\/v2\/posts"}],"about":[{"href":"https:\/\/fdp-aktiv.de\/blog\/wp-json\/wp\/v2\/types\/post"}],"author":[{"embeddable":true,"href":"https:\/\/fdp-aktiv.de\/blog\/wp-json\/wp\/v2\/users\/1"}],"replies":[{"embeddable":true,"href":"https:\/\/fdp-aktiv.de\/blog\/wp-json\/wp\/v2\/comments?post=8574"}],"version-history":[{"count":1,"href":"https:\/\/fdp-aktiv.de\/blog\/wp-json\/wp\/v2\/posts\/8574\/revisions"}],"predecessor-version":[{"id":8575,"href":"https:\/\/fdp-aktiv.de\/blog\/wp-json\/wp\/v2\/posts\/8574\/revisions\/8575"}],"wp:attachment":[{"href":"https:\/\/fdp-aktiv.de\/blog\/wp-json\/wp\/v2\/media?parent=8574"}],"wp:term":[{"taxonomy":"category","embeddable":true,"href":"https:\/\/fdp-aktiv.de\/blog\/wp-json\/wp\/v2\/categories?post=8574"},{"taxonomy":"post_tag","embeddable":true,"href":"https:\/\/fdp-aktiv.de\/blog\/wp-json\/wp\/v2\/tags?post=8574"}],"curies":[{"name":"wp","href":"https:\/\/api.w.org\/{rel}","templated":true}]}}