{"id":8643,"date":"2022-12-21T16:51:54","date_gmt":"2022-12-21T15:51:54","guid":{"rendered":"https:\/\/fdp-aktiv.de\/blog\/?p=8643"},"modified":"2022-12-21T16:52:17","modified_gmt":"2022-12-21T15:52:17","slug":"fdp-saar-buschmann-muss-faeser-stoppen","status":"publish","type":"post","link":"https:\/\/fdp-aktiv.de\/blog\/2022\/12\/21\/fdp-saar-buschmann-muss-faeser-stoppen\/","title":{"rendered":"FDP-Saar &#8211; Mucker: Buschmann muss Faeser stoppen"},"content":{"rendered":"<div class=\"clearfix text-formatted field field--name-field-body field--type-text-long field--label-hidden field__item\">\n<p>Als Reaktion auf die Ermittlungen gegen die Reichsb\u00fcrgerbewegung hat Innenminisiterin Nancy Faeser einen Gesetzentwurf vorbereitet, der das Dienstrecht f\u00fcr Beamte reformiert. Unter anderem sollen die Disziplinarma\u00dfnahmen gegen Beamte erleichtert werden. Dabei sollen die jeweiligen Beh\u00f6rden ihre Beamte selbst entlassen k\u00f6nnen, wenn diese wegen verfassungsfeindlicher Gesinnung oder Handlungen verd\u00e4chtigt werden.<\/p>\n<figure id=\"attachment_5272\" aria-describedby=\"caption-attachment-5272\" style=\"width: 900px\" class=\"wp-caption aligncenter\"><a href=\"https:\/\/fdp-aktiv.de\/blog\/wp-content\/uploads\/2022\/04\/ltw12_steckbriefe_Marcel_Mucker_FDP_Kandidat100__v-sr__169__900.jpg\"><img loading=\"lazy\" decoding=\"async\" class=\"size-full wp-image-5272\" src=\"https:\/\/fdp-aktiv.de\/blog\/wp-content\/uploads\/2022\/04\/ltw12_steckbriefe_Marcel_Mucker_FDP_Kandidat100__v-sr__169__900.jpg\" alt=\"\" width=\"900\" height=\"506\" srcset=\"https:\/\/fdp-aktiv.de\/blog\/wp-content\/uploads\/2022\/04\/ltw12_steckbriefe_Marcel_Mucker_FDP_Kandidat100__v-sr__169__900.jpg 900w, https:\/\/fdp-aktiv.de\/blog\/wp-content\/uploads\/2022\/04\/ltw12_steckbriefe_Marcel_Mucker_FDP_Kandidat100__v-sr__169__900-300x169.jpg 300w, https:\/\/fdp-aktiv.de\/blog\/wp-content\/uploads\/2022\/04\/ltw12_steckbriefe_Marcel_Mucker_FDP_Kandidat100__v-sr__169__900-768x432.jpg 768w\" sizes=\"auto, (max-width: 900px) 100vw, 900px\" \/><\/a><figcaption id=\"caption-attachment-5272\" class=\"wp-caption-text\">Marcel Mucker<\/figcaption><\/figure>\n<p>\u201eDamit stellt die Innenministerin vor allem die Bundesbeamten wegen des Fehlverhaltens weniger unter einen Generalverdacht. Obendrein kehrt sie auch die Beweislast um, da die Betroffenen anschlie\u00dfend gegen ihre Entlassung klagen und ihre Unschuld beweisen m\u00fcssten. Damit verletzt Faeser unsere rechtsstaatlichen Prinzipien. Ich setze darauf, dass der FDP-Justizminister Marco Buschmann, dessen Ressort das Gesetz auch ber\u00fchrt, diese Pl\u00e4ne stoppt\u201c, so der Generalsekret\u00e4r Marcel Mucker.<\/p>\n<p>\u201eEs ist richtig, dass der Staat sich mit allen Mitteln gegen verfassungsfeindliche Gruppen wie die Reichsb\u00fcrgerbewegung wehrt. Sinnvoller und wirksamer, als die Schuld einer Gruppe zuzuschieben, sind jedoch Pr\u00e4ventionsma\u00dfnahmen wie Aufkl\u00e4rung und Demokratiebildung.\u201c<\/p>\n<\/div>\n","protected":false},"excerpt":{"rendered":"<p>Als Reaktion auf die Ermittlungen gegen die Reichsb\u00fcrgerbewegung hat Innenminisiterin Nancy Faeser einen Gesetzentwurf vorbereitet, der das Dienstrecht f\u00fcr Beamte reformiert. Unter anderem sollen die Disziplinarma\u00dfnahmen gegen Beamte erleichtert werden. [&#8230;]<\/p>\n","protected":false},"author":1,"featured_media":0,"comment_status":"open","ping_status":"closed","sticky":false,"template":"","format":"standard","meta":{"footnotes":""},"categories":[536],"tags":[2823,1604,708,1597],"class_list":["post-8643","post","type-post","status-publish","format-standard","hentry","category-sicherheit","tag-beamten","tag-dr-marco-buschmann","tag-fdp-saar","tag-marcel-mucker"],"_links":{"self":[{"href":"https:\/\/fdp-aktiv.de\/blog\/wp-json\/wp\/v2\/posts\/8643","targetHints":{"allow":["GET"]}}],"collection":[{"href":"https:\/\/fdp-aktiv.de\/blog\/wp-json\/wp\/v2\/posts"}],"about":[{"href":"https:\/\/fdp-aktiv.de\/blog\/wp-json\/wp\/v2\/types\/post"}],"author":[{"embeddable":true,"href":"https:\/\/fdp-aktiv.de\/blog\/wp-json\/wp\/v2\/users\/1"}],"replies":[{"embeddable":true,"href":"https:\/\/fdp-aktiv.de\/blog\/wp-json\/wp\/v2\/comments?post=8643"}],"version-history":[{"count":2,"href":"https:\/\/fdp-aktiv.de\/blog\/wp-json\/wp\/v2\/posts\/8643\/revisions"}],"predecessor-version":[{"id":8645,"href":"https:\/\/fdp-aktiv.de\/blog\/wp-json\/wp\/v2\/posts\/8643\/revisions\/8645"}],"wp:attachment":[{"href":"https:\/\/fdp-aktiv.de\/blog\/wp-json\/wp\/v2\/media?parent=8643"}],"wp:term":[{"taxonomy":"category","embeddable":true,"href":"https:\/\/fdp-aktiv.de\/blog\/wp-json\/wp\/v2\/categories?post=8643"},{"taxonomy":"post_tag","embeddable":true,"href":"https:\/\/fdp-aktiv.de\/blog\/wp-json\/wp\/v2\/tags?post=8643"}],"curies":[{"name":"wp","href":"https:\/\/api.w.org\/{rel}","templated":true}]}}