{"id":8662,"date":"2022-12-22T07:03:05","date_gmt":"2022-12-22T06:03:05","guid":{"rendered":"https:\/\/fdp-aktiv.de\/blog\/?p=8662"},"modified":"2022-12-22T07:03:05","modified_gmt":"2022-12-22T06:03:05","slug":"bundestag-konrad-bildung-qualitaet-und-eigenverantwortung-sind-treiber-fuer-gesunde-ernaehrung","status":"publish","type":"post","link":"https:\/\/fdp-aktiv.de\/blog\/2022\/12\/22\/bundestag-konrad-bildung-qualitaet-und-eigenverantwortung-sind-treiber-fuer-gesunde-ernaehrung\/","title":{"rendered":"Bundestag &#8211; KONRAD: Bildung, Qualit\u00e4t und Eigenverantwortung sind Treiber f\u00fcr gesunde Ern\u00e4hrung"},"content":{"rendered":"<p>Zum Kabinettsbeschluss zu Eckpunkten zur Ern\u00e4hrungsstrategie erkl\u00e4rt die stellvertretende FDP-Fraktionsvorsitzende Carina Konrad:<\/p>\n<figure id=\"attachment_4797\" aria-describedby=\"caption-attachment-4797\" style=\"width: 400px\" class=\"wp-caption aligncenter\"><a href=\"https:\/\/fdp-aktiv.de\/blog\/wp-content\/uploads\/2022\/03\/nTNDth6G_400x400.jpg\"><img loading=\"lazy\" decoding=\"async\" class=\"size-full wp-image-4797\" src=\"https:\/\/fdp-aktiv.de\/blog\/wp-content\/uploads\/2022\/03\/nTNDth6G_400x400.jpg\" alt=\"\" width=\"400\" height=\"400\" srcset=\"https:\/\/fdp-aktiv.de\/blog\/wp-content\/uploads\/2022\/03\/nTNDth6G_400x400.jpg 400w, https:\/\/fdp-aktiv.de\/blog\/wp-content\/uploads\/2022\/03\/nTNDth6G_400x400-300x300.jpg 300w, https:\/\/fdp-aktiv.de\/blog\/wp-content\/uploads\/2022\/03\/nTNDth6G_400x400-150x150.jpg 150w\" sizes=\"auto, (max-width: 400px) 100vw, 400px\" \/><\/a><figcaption id=\"caption-attachment-4797\" class=\"wp-caption-text\">Carina Konrad<\/figcaption><\/figure>\n<p>\u201eUm den Menschen eine ges\u00fcndere Ern\u00e4hrung nahezubringen, braucht es vor allem bessere Beratung und Bildung statt einer Politik des erhobenen Zeigefingers und immer mehr Regulierung. Jede staatliche Initiative w\u00fcrde scheitern, wenn der B\u00fcrger nicht von sich aus entscheidet, seine individuellen Ern\u00e4hrungsgewohnheiten kritisch zu hinterfragen. Das Ziel muss sein, die Menschen zu bef\u00e4higen, sich mit ihrer individuellen Ern\u00e4hrung kritisch auseinanderzusetzen, statt ihnen \u00fcber Vorgaben Entscheidungsfreiheiten zu nehmen. Mit der Ern\u00e4hrungsstrategie r\u00fccken besonders die Kleinsten in der Gesellschaft in den Mittelpunkt. Dabei muss im Vordergrund stehen, wie wir unseren Kindern bereits fr\u00fchzeitig Ern\u00e4hrungswissen vermitteln und attraktive Bewegungsangebote schaffen k\u00f6nnen und dabei auch die Eltern erreichen. Nur mit hoher Qualit\u00e4t der Schul- und Kitaverpflegung sorgen wir daf\u00fcr, dass die Angebote auch angenommen werden. Hohe Qualit\u00e4t darf aber nicht mit Bio-Quoten verwechselt werden. Derartige Vorgaben machen die Mahlzeiten nur teuer, aber keineswegs auch qualitativ besser. Die Tr\u00e4ger der Einrichtungen m\u00fcssen vielmehr das Augenmerk darauf legen k\u00f6nnen, dass m\u00f6glichst alle Kinder mit einem gesunden und vielseitigen Angebot erreicht werden. Das gelingt neben h\u00f6chster Qualit\u00e4t auch \u00fcber den Preis. Bildung, Qualit\u00e4t und Eigenverantwortung sind die Treiber f\u00fcr eine gesunde Ern\u00e4hrung. Darauf m\u00fcssen wir uns als Politik konzentrieren.\u201c<\/p>\n","protected":false},"excerpt":{"rendered":"<p>Zum Kabinettsbeschluss zu Eckpunkten zur Ern\u00e4hrungsstrategie erkl\u00e4rt die stellvertretende FDP-Fraktionsvorsitzende Carina Konrad: \u201eUm den Menschen eine ges\u00fcndere Ern\u00e4hrung nahezubringen, braucht es vor allem bessere Beratung und Bildung statt einer Politik [&#8230;]<\/p>\n","protected":false},"author":1,"featured_media":0,"comment_status":"open","ping_status":"closed","sticky":false,"template":"","format":"standard","meta":{"footnotes":""},"categories":[6],"tags":[2092,2950,2688],"class_list":["post-8662","post","type-post","status-publish","format-standard","hentry","category-politik","tag-carina-konrad","tag-ernaehrungsstrategie","tag-fdp-bundestag"],"_links":{"self":[{"href":"https:\/\/fdp-aktiv.de\/blog\/wp-json\/wp\/v2\/posts\/8662","targetHints":{"allow":["GET"]}}],"collection":[{"href":"https:\/\/fdp-aktiv.de\/blog\/wp-json\/wp\/v2\/posts"}],"about":[{"href":"https:\/\/fdp-aktiv.de\/blog\/wp-json\/wp\/v2\/types\/post"}],"author":[{"embeddable":true,"href":"https:\/\/fdp-aktiv.de\/blog\/wp-json\/wp\/v2\/users\/1"}],"replies":[{"embeddable":true,"href":"https:\/\/fdp-aktiv.de\/blog\/wp-json\/wp\/v2\/comments?post=8662"}],"version-history":[{"count":1,"href":"https:\/\/fdp-aktiv.de\/blog\/wp-json\/wp\/v2\/posts\/8662\/revisions"}],"predecessor-version":[{"id":8663,"href":"https:\/\/fdp-aktiv.de\/blog\/wp-json\/wp\/v2\/posts\/8662\/revisions\/8663"}],"wp:attachment":[{"href":"https:\/\/fdp-aktiv.de\/blog\/wp-json\/wp\/v2\/media?parent=8662"}],"wp:term":[{"taxonomy":"category","embeddable":true,"href":"https:\/\/fdp-aktiv.de\/blog\/wp-json\/wp\/v2\/categories?post=8662"},{"taxonomy":"post_tag","embeddable":true,"href":"https:\/\/fdp-aktiv.de\/blog\/wp-json\/wp\/v2\/tags?post=8662"}],"curies":[{"name":"wp","href":"https:\/\/api.w.org\/{rel}","templated":true}]}}