{"id":8664,"date":"2022-12-22T10:43:25","date_gmt":"2022-12-22T09:43:25","guid":{"rendered":"https:\/\/fdp-aktiv.de\/blog\/?p=8664"},"modified":"2023-07-03T20:21:42","modified_gmt":"2023-07-03T18:21:42","slug":"thueringen-kemmerich-masken-und-absonderungspflicht-ist-nicht-laenger-verhaeltnismaessig","status":"publish","type":"post","link":"https:\/\/fdp-aktiv.de\/blog\/2022\/12\/22\/thueringen-kemmerich-masken-und-absonderungspflicht-ist-nicht-laenger-verhaeltnismaessig\/","title":{"rendered":"Th\u00fcringen &#8211; Kemmerich: Masken- und Absonderungspflicht ist nicht l\u00e4nger verh\u00e4ltnism\u00e4\u00dfig"},"content":{"rendered":"<p>Zur Verl\u00e4ngerung der Maskenpflicht im Th\u00fcringer \u00d6PNV durch die Minderheitsregierung erkl\u00e4rt Thomas L. Kemmerich, Sprecher der FDP im Th\u00fcringer Landtag:<\/p>\n<figure id=\"attachment_1115\" aria-describedby=\"caption-attachment-1115\" style=\"width: 790px\" class=\"wp-caption aligncenter\"><a href=\"https:\/\/fdp-aktiv.de\/blog\/wp-content\/uploads\/2021\/04\/Thoms-Kemmerich.jpg\"><img loading=\"lazy\" decoding=\"async\" class=\"size-full wp-image-1115\" src=\"https:\/\/fdp-aktiv.de\/blog\/wp-content\/uploads\/2021\/04\/Thoms-Kemmerich.jpg\" alt=\"Thomas L. Kemmerich\" width=\"790\" height=\"700\" srcset=\"https:\/\/fdp-aktiv.de\/blog\/wp-content\/uploads\/2021\/04\/Thoms-Kemmerich.jpg 790w, https:\/\/fdp-aktiv.de\/blog\/wp-content\/uploads\/2021\/04\/Thoms-Kemmerich-300x266.jpg 300w, https:\/\/fdp-aktiv.de\/blog\/wp-content\/uploads\/2021\/04\/Thoms-Kemmerich-768x681.jpg 768w\" sizes=\"auto, (max-width: 790px) 100vw, 790px\" \/><\/a><figcaption id=\"caption-attachment-1115\" class=\"wp-caption-text\">Thomas L. Kemmerich<\/figcaption><\/figure>\n<p>\u201eTh\u00fcringens Gesundheitsministerin sollte endlich ihre Scheuklappen absetzen. Der Verzicht auf Masken- und Absonderungspflicht w\u00e4re keine milde Gabe zu Weihnachten gewesen, sondern ein Gebot von Einsicht und Vernunft. Obwohl die Corona-Inzidenz in Th\u00fcringen so niedrig ist wie nirgends in Deutschland, sch\u00fcrt Frau Werner mit einer manipulativen Wortwahl die Furcht. Auch sie sollte wissen: Angst ist nie ein guter Ratgeber. Ma\u00dfstab unseres Handelns kann und darf einzig und allein die Vernunft sein. Die Sturheit der Ministerin beschert Th\u00fcringen eine Insell\u00f6sung. W\u00e4hrend in weiten Teilen Europas und in immer mehr Bundesl\u00e4ndern die Masken fallen, m\u00f6chte Rot-Rot-Gr\u00fcn die Menschen in Th\u00fcringen weiterhin g\u00e4ngeln.\u201c<\/p>\n<p>Die Masken- und Absonderungspflicht ist weder erforderlich noch verh\u00e4ltnism\u00e4\u00dfig. An die Stelle dieser Pflichten kann das eigenverantwortliche Handeln der B\u00fcrger treten.<\/p>\n<p>Die 7-Tage-Inzidenz in Th\u00fcringen liegt mit Stand von heute bei 115. Bundes<\/p>\n","protected":false},"excerpt":{"rendered":"<p>Zur Verl\u00e4ngerung der Maskenpflicht im Th\u00fcringer \u00d6PNV durch die Minderheitsregierung erkl\u00e4rt Thomas L. Kemmerich, Sprecher der FDP im Th\u00fcringer Landtag: \u201eTh\u00fcringens Gesundheitsministerin sollte endlich ihre Scheuklappen absetzen. Der Verzicht auf [&#8230;]<\/p>\n","protected":false},"author":1,"featured_media":0,"comment_status":"open","ping_status":"closed","sticky":false,"template":"","format":"standard","meta":{"footnotes":""},"categories":[4,144],"tags":[16,306,669,894,1801],"class_list":["post-8664","post","type-post","status-publish","format-standard","hentry","category-covid-19","category-verkehr-innenpolitik","tag-corona","tag-corona-massnahmen","tag-fdp-thueringen","tag-maskenpflicht","tag-oepnv"],"_links":{"self":[{"href":"https:\/\/fdp-aktiv.de\/blog\/wp-json\/wp\/v2\/posts\/8664","targetHints":{"allow":["GET"]}}],"collection":[{"href":"https:\/\/fdp-aktiv.de\/blog\/wp-json\/wp\/v2\/posts"}],"about":[{"href":"https:\/\/fdp-aktiv.de\/blog\/wp-json\/wp\/v2\/types\/post"}],"author":[{"embeddable":true,"href":"https:\/\/fdp-aktiv.de\/blog\/wp-json\/wp\/v2\/users\/1"}],"replies":[{"embeddable":true,"href":"https:\/\/fdp-aktiv.de\/blog\/wp-json\/wp\/v2\/comments?post=8664"}],"version-history":[{"count":1,"href":"https:\/\/fdp-aktiv.de\/blog\/wp-json\/wp\/v2\/posts\/8664\/revisions"}],"predecessor-version":[{"id":8665,"href":"https:\/\/fdp-aktiv.de\/blog\/wp-json\/wp\/v2\/posts\/8664\/revisions\/8665"}],"wp:attachment":[{"href":"https:\/\/fdp-aktiv.de\/blog\/wp-json\/wp\/v2\/media?parent=8664"}],"wp:term":[{"taxonomy":"category","embeddable":true,"href":"https:\/\/fdp-aktiv.de\/blog\/wp-json\/wp\/v2\/categories?post=8664"},{"taxonomy":"post_tag","embeddable":true,"href":"https:\/\/fdp-aktiv.de\/blog\/wp-json\/wp\/v2\/tags?post=8664"}],"curies":[{"name":"wp","href":"https:\/\/api.w.org\/{rel}","templated":true}]}}