{"id":8708,"date":"2022-12-29T13:23:04","date_gmt":"2022-12-29T12:23:04","guid":{"rendered":"https:\/\/fdp-aktiv.de\/blog\/?p=8708"},"modified":"2022-12-29T13:24:25","modified_gmt":"2022-12-29T12:24:25","slug":"berlin-sebastian-czaja-fordert-ende-der-corona-massnahmen-in-berlin","status":"publish","type":"post","link":"https:\/\/fdp-aktiv.de\/blog\/2022\/12\/29\/berlin-sebastian-czaja-fordert-ende-der-corona-massnahmen-in-berlin\/","title":{"rendered":"BERLIN: Sebastian Czaja fordert Ende der Corona-Ma\u00dfnahmen in Berlin:"},"content":{"rendered":"<p><a href=\"https:\/\/fdp-aktiv.de\/blog\/wp-content\/uploads\/2021\/08\/Sebastian_Czaja_FDP.jpg\"><img loading=\"lazy\" decoding=\"async\" class=\"size-large wp-image-2145\" src=\"https:\/\/fdp-aktiv.de\/blog\/wp-content\/uploads\/2021\/08\/Sebastian_Czaja_FDP-1024x713.jpg\" alt=\"Sebastian Czaja\" width=\"800\" height=\"557\" srcset=\"https:\/\/fdp-aktiv.de\/blog\/wp-content\/uploads\/2021\/08\/Sebastian_Czaja_FDP-1024x713.jpg 1024w, https:\/\/fdp-aktiv.de\/blog\/wp-content\/uploads\/2021\/08\/Sebastian_Czaja_FDP-300x209.jpg 300w, https:\/\/fdp-aktiv.de\/blog\/wp-content\/uploads\/2021\/08\/Sebastian_Czaja_FDP-768x535.jpg 768w, https:\/\/fdp-aktiv.de\/blog\/wp-content\/uploads\/2021\/08\/Sebastian_Czaja_FDP.jpg 1200w\" sizes=\"auto, (max-width: 800px) 100vw, 800px\" \/><\/a><\/p>\n<p>Sebastian Czaja\u201eAlle Corona-Ma\u00dfnahmen, wie z.B. die Maskenpflicht im \u00d6PNV, m\u00fcssen unverz\u00fcglich abgeschafft werden. Wenn der Berliner Senat jetzt noch Freiheitseinschr\u00e4nkungen will, muss er sie neu begr\u00fcnden und im Parlament beschlie\u00dfen lassen. Corona kann und darf daf\u00fcr nicht mehr herhalten. Freiheitseinschr\u00e4nkungen durch die Hintert\u00fcr darf es nicht geben. Vor diesem schleichenden Angriff auf unsere Freiheit hatten viele Menschen w\u00e4hrend der Pandemie Sorgen. Politik muss jetzt alles daf\u00fcr tun, diese Sorgen nicht Realit\u00e4t werden zu lassen.\u201c<\/p>\n","protected":false},"excerpt":{"rendered":"<p>Sebastian Czaja\u201eAlle Corona-Ma\u00dfnahmen, wie z.B. die Maskenpflicht im \u00d6PNV, m\u00fcssen unverz\u00fcglich abgeschafft werden. Wenn der Berliner Senat jetzt noch Freiheitseinschr\u00e4nkungen will, muss er sie neu begr\u00fcnden und im Parlament beschlie\u00dfen [&#8230;]<\/p>\n","protected":false},"author":1,"featured_media":0,"comment_status":"open","ping_status":"closed","sticky":false,"template":"","format":"standard","meta":{"footnotes":""},"categories":[4],"tags":[16,306,706,104],"class_list":["post-8708","post","type-post","status-publish","format-standard","hentry","category-covid-19","tag-corona","tag-corona-massnahmen","tag-fdp-berlin","tag-sebastian-czaja"],"_links":{"self":[{"href":"https:\/\/fdp-aktiv.de\/blog\/wp-json\/wp\/v2\/posts\/8708","targetHints":{"allow":["GET"]}}],"collection":[{"href":"https:\/\/fdp-aktiv.de\/blog\/wp-json\/wp\/v2\/posts"}],"about":[{"href":"https:\/\/fdp-aktiv.de\/blog\/wp-json\/wp\/v2\/types\/post"}],"author":[{"embeddable":true,"href":"https:\/\/fdp-aktiv.de\/blog\/wp-json\/wp\/v2\/users\/1"}],"replies":[{"embeddable":true,"href":"https:\/\/fdp-aktiv.de\/blog\/wp-json\/wp\/v2\/comments?post=8708"}],"version-history":[{"count":3,"href":"https:\/\/fdp-aktiv.de\/blog\/wp-json\/wp\/v2\/posts\/8708\/revisions"}],"predecessor-version":[{"id":8712,"href":"https:\/\/fdp-aktiv.de\/blog\/wp-json\/wp\/v2\/posts\/8708\/revisions\/8712"}],"wp:attachment":[{"href":"https:\/\/fdp-aktiv.de\/blog\/wp-json\/wp\/v2\/media?parent=8708"}],"wp:term":[{"taxonomy":"category","embeddable":true,"href":"https:\/\/fdp-aktiv.de\/blog\/wp-json\/wp\/v2\/categories?post=8708"},{"taxonomy":"post_tag","embeddable":true,"href":"https:\/\/fdp-aktiv.de\/blog\/wp-json\/wp\/v2\/tags?post=8708"}],"curies":[{"name":"wp","href":"https:\/\/api.w.org\/{rel}","templated":true}]}}