{"id":8725,"date":"2022-12-30T09:02:39","date_gmt":"2022-12-30T08:02:39","guid":{"rendered":"https:\/\/fdp-aktiv.de\/blog\/?p=8725"},"modified":"2022-12-30T09:03:04","modified_gmt":"2022-12-30T08:03:04","slug":"brandenburg-braun-brandenburg-muss-nachziehen-und-alle-corona-massnahmen-sofort-beenden","status":"publish","type":"post","link":"https:\/\/fdp-aktiv.de\/blog\/2022\/12\/30\/brandenburg-braun-brandenburg-muss-nachziehen-und-alle-corona-massnahmen-sofort-beenden\/","title":{"rendered":"Brandenburg &#8211; Braun: Brandenburg muss nachziehen und alle Corona-Ma\u00dfnahmen sofort beenden"},"content":{"rendered":"<div>zur\u00a0Forderung von Ministerpr\u00e4sident Woidke zu einer bundesweit einheitlichen Pandemie-Politik erkl\u00e4rt der Landesvorsitzende der FDP Brandenburg, Zyon Braun:<\/div>\n<div><\/div>\n<div>\n<figure id=\"attachment_4934\" aria-describedby=\"caption-attachment-4934\" style=\"width: 1024px\" class=\"wp-caption aligncenter\"><a href=\"https:\/\/fdp-aktiv.de\/blog\/wp-content\/uploads\/2022\/03\/P1277207-1024x819-1.jpg\"><img loading=\"lazy\" decoding=\"async\" class=\"size-full wp-image-4934\" src=\"https:\/\/fdp-aktiv.de\/blog\/wp-content\/uploads\/2022\/03\/P1277207-1024x819-1.jpg\" alt=\"\" width=\"1024\" height=\"819\" srcset=\"https:\/\/fdp-aktiv.de\/blog\/wp-content\/uploads\/2022\/03\/P1277207-1024x819-1.jpg 1024w, https:\/\/fdp-aktiv.de\/blog\/wp-content\/uploads\/2022\/03\/P1277207-1024x819-1-300x240.jpg 300w, https:\/\/fdp-aktiv.de\/blog\/wp-content\/uploads\/2022\/03\/P1277207-1024x819-1-768x614.jpg 768w\" sizes=\"auto, (max-width: 1024px) 100vw, 1024px\" \/><\/a><figcaption id=\"caption-attachment-4934\" class=\"wp-caption-text\">Zyon Braun, Landesvorsitzender der FDP Brandenburg<\/figcaption><\/figure>\n<p>\u201eEin bundesweit einheitliches Ende der Schutzma\u00dfnahmen wird es nicht geben. Bayern, Sachsen-Anhalt und Schleswig-Holstein haben bereits vor Wochen den Ausstieg eingeleitet. Brandenburg muss nun nachziehen und alle Ma\u00dfnahmen sofort beenden. Wir m\u00fcssen zum Normalzustand zur\u00fcckkehren.\u00a0Mit dem Verweis auf eine bundesweite L\u00f6sung spielt der Ministerpr\u00e4sident auf Zeit, um die Differenzen in der eigenen Regierung zu kaschieren und nicht selbst entscheiden zu m\u00fcssen.\u00a0F\u00fcr die letzte Verl\u00e4ngerung der Ma\u00dfnahmen bis Mitte Januar gab es auch keine bundesweite Zustimmung aller L\u00e4nder.\u00a0Die \u00c4u\u00dferungen von Ministerpr\u00e4sident Woidke machen deutlich, dass f\u00fcr eine Verl\u00e4ngerung der Ma\u00dfnahmen jegliche Begr\u00fcndung fehlt. Eine Notlage im Gesundheitssystem liegt nicht vor.\u201c<\/p>\n<\/div>\n<div><\/div>\n","protected":false},"excerpt":{"rendered":"<p>zur\u00a0Forderung von Ministerpr\u00e4sident Woidke zu einer bundesweit einheitlichen Pandemie-Politik erkl\u00e4rt der Landesvorsitzende der FDP Brandenburg, Zyon Braun: \u201eEin bundesweit einheitliches Ende der Schutzma\u00dfnahmen wird es nicht geben. Bayern, Sachsen-Anhalt und [&#8230;]<\/p>\n","protected":false},"author":1,"featured_media":0,"comment_status":"open","ping_status":"closed","sticky":false,"template":"","format":"standard","meta":{"footnotes":""},"categories":[4],"tags":[16,306,937,2135,2134],"class_list":["post-8725","post","type-post","status-publish","format-standard","hentry","category-covid-19","tag-corona","tag-corona-massnahmen","tag-covid19","tag-fdp-brandenburg","tag-zyon-braun"],"_links":{"self":[{"href":"https:\/\/fdp-aktiv.de\/blog\/wp-json\/wp\/v2\/posts\/8725","targetHints":{"allow":["GET"]}}],"collection":[{"href":"https:\/\/fdp-aktiv.de\/blog\/wp-json\/wp\/v2\/posts"}],"about":[{"href":"https:\/\/fdp-aktiv.de\/blog\/wp-json\/wp\/v2\/types\/post"}],"author":[{"embeddable":true,"href":"https:\/\/fdp-aktiv.de\/blog\/wp-json\/wp\/v2\/users\/1"}],"replies":[{"embeddable":true,"href":"https:\/\/fdp-aktiv.de\/blog\/wp-json\/wp\/v2\/comments?post=8725"}],"version-history":[{"count":2,"href":"https:\/\/fdp-aktiv.de\/blog\/wp-json\/wp\/v2\/posts\/8725\/revisions"}],"predecessor-version":[{"id":8727,"href":"https:\/\/fdp-aktiv.de\/blog\/wp-json\/wp\/v2\/posts\/8725\/revisions\/8727"}],"wp:attachment":[{"href":"https:\/\/fdp-aktiv.de\/blog\/wp-json\/wp\/v2\/media?parent=8725"}],"wp:term":[{"taxonomy":"category","embeddable":true,"href":"https:\/\/fdp-aktiv.de\/blog\/wp-json\/wp\/v2\/categories?post=8725"},{"taxonomy":"post_tag","embeddable":true,"href":"https:\/\/fdp-aktiv.de\/blog\/wp-json\/wp\/v2\/tags?post=8725"}],"curies":[{"name":"wp","href":"https:\/\/api.w.org\/{rel}","templated":true}]}}