{"id":8766,"date":"2023-01-03T18:23:31","date_gmt":"2023-01-03T17:23:31","guid":{"rendered":"https:\/\/fdp-aktiv.de\/blog\/?p=8766"},"modified":"2023-01-03T18:24:06","modified_gmt":"2023-01-03T17:24:06","slug":"baden-wuerttemberg-schweickert-fordere-verbindliche-aussagen-ueber-zukunft-des-buerokratieabbaus","status":"publish","type":"post","link":"https:\/\/fdp-aktiv.de\/blog\/2023\/01\/03\/baden-wuerttemberg-schweickert-fordere-verbindliche-aussagen-ueber-zukunft-des-buerokratieabbaus\/","title":{"rendered":"Baden-W\u00fcrttemberg- Schweickert: Fordere verbindliche Aussagen \u00fcber Zukunft des B\u00fcrokratieabbaus"},"content":{"rendered":"<p>(Unsinnige Regelungen gef\u00e4hrden Handwerksbetriebe<\/p>\n<p style=\"font-weight: 400;\">Zur heutigen Meldung \u00fcber die Kritik des Handwerks an einer staatlichen Regulierungsflut als zus\u00e4tzlicher Belastung (ge\u00e4u\u00dfert vom Landeshandwerkspr\u00e4sidenten Rainer Reichhold) \u00e4u\u00dfert sich der Sprecher f\u00fcr Handwerk und Mittelstand der FDP\/DVP-Fraktion,\u00a0<strong>Prof. Dr. Erik Schweickert<\/strong>:<\/p>\n<figure id=\"attachment_4726\" aria-describedby=\"caption-attachment-4726\" style=\"width: 800px\" class=\"wp-caption aligncenter\"><a href=\"https:\/\/fdp-aktiv.de\/blog\/wp-content\/uploads\/2022\/03\/fdp_erik_schweikert_4194_final03-e1582882737582.jpg\"><img loading=\"lazy\" decoding=\"async\" class=\"size-large wp-image-4726\" src=\"https:\/\/fdp-aktiv.de\/blog\/wp-content\/uploads\/2022\/03\/fdp_erik_schweikert_4194_final03-e1582882737582-1024x1024.jpg\" alt=\"\" width=\"800\" height=\"800\" srcset=\"https:\/\/fdp-aktiv.de\/blog\/wp-content\/uploads\/2022\/03\/fdp_erik_schweikert_4194_final03-e1582882737582-1024x1024.jpg 1024w, https:\/\/fdp-aktiv.de\/blog\/wp-content\/uploads\/2022\/03\/fdp_erik_schweikert_4194_final03-e1582882737582-300x300.jpg 300w, https:\/\/fdp-aktiv.de\/blog\/wp-content\/uploads\/2022\/03\/fdp_erik_schweikert_4194_final03-e1582882737582-150x150.jpg 150w, https:\/\/fdp-aktiv.de\/blog\/wp-content\/uploads\/2022\/03\/fdp_erik_schweikert_4194_final03-e1582882737582-768x768.jpg 768w, https:\/\/fdp-aktiv.de\/blog\/wp-content\/uploads\/2022\/03\/fdp_erik_schweikert_4194_final03-e1582882737582-400x400.jpg 400w, https:\/\/fdp-aktiv.de\/blog\/wp-content\/uploads\/2022\/03\/fdp_erik_schweikert_4194_final03-e1582882737582.jpg 1115w\" sizes=\"auto, (max-width: 800px) 100vw, 800px\" \/><\/a><figcaption id=\"caption-attachment-4726\" class=\"wp-caption-text\">PROF. DR. ERIK SCHWEICKERT<\/figcaption><\/figure>\n<p style=\"font-weight: 400;\">\u201eDie mahnenden Worte des Handwerkspr\u00e4sidenten m\u00fcssen wir sehr ernst nehmen: Unsinnige b\u00fcrokratische Dokumentations- und Kontrollpflichten gegen\u00fcber Handwerksbetrieben bedeuten nicht nur l\u00e4ngere Zeiten am Schreibtisch, sondern sind ein wirklicher Kostenfaktor geworden.<\/p>\n<p style=\"font-weight: 400;\">Dies in der Kombination mit den explodierenden Energiekosten und weiteren Teuerungen ergibt eine toxische Mischung und gef\u00e4hrdet Existenzen im Handwerk. Der merkw\u00fcrdige und nicht nachvollziehbare Kurs der Landesregierung, gerade jetzt ohne Begr\u00fcndung und Perspektive den Normenkontrollrat aufzul\u00f6sen, zielt genau in die falsche Richtung. Gr\u00fcblerisches Schweigen des Ministerpr\u00e4sidenten ist auch in dieser Frage keine Antwort.\u00a0 Eine H\u00e4ngepartie k\u00f6nnen wir uns nicht leisten.<\/p>\n<p style=\"font-weight: 400;\">Ich fordere die Landesregierung auf, bis sp\u00e4testens Ende Januar eine verbindliche Planung vorzulegen, in welcher Form und mit welchen Institutionen und Personen der B\u00fcrokratieabbau in Baden-W\u00fcrttemberg sichergestellt werden soll.\u201c<\/p>\n","protected":false},"excerpt":{"rendered":"<p>(Unsinnige Regelungen gef\u00e4hrden Handwerksbetriebe Zur heutigen Meldung \u00fcber die Kritik des Handwerks an einer staatlichen Regulierungsflut als zus\u00e4tzlicher Belastung (ge\u00e4u\u00dfert vom Landeshandwerkspr\u00e4sidenten Rainer Reichhold) \u00e4u\u00dfert sich der Sprecher f\u00fcr Handwerk [&#8230;]<\/p>\n","protected":false},"author":1,"featured_media":0,"comment_status":"open","ping_status":"closed","sticky":false,"template":"","format":"standard","meta":{"footnotes":""},"categories":[8],"tags":[132,1029,650,302,1452],"class_list":["post-8766","post","type-post","status-publish","format-standard","hentry","category-wirtschaft","tag-buerokratie","tag-buerokratieabbau","tag-fdp-dvp","tag-handwerk","tag-prof-dr-erik-schweickert"],"_links":{"self":[{"href":"https:\/\/fdp-aktiv.de\/blog\/wp-json\/wp\/v2\/posts\/8766","targetHints":{"allow":["GET"]}}],"collection":[{"href":"https:\/\/fdp-aktiv.de\/blog\/wp-json\/wp\/v2\/posts"}],"about":[{"href":"https:\/\/fdp-aktiv.de\/blog\/wp-json\/wp\/v2\/types\/post"}],"author":[{"embeddable":true,"href":"https:\/\/fdp-aktiv.de\/blog\/wp-json\/wp\/v2\/users\/1"}],"replies":[{"embeddable":true,"href":"https:\/\/fdp-aktiv.de\/blog\/wp-json\/wp\/v2\/comments?post=8766"}],"version-history":[{"count":2,"href":"https:\/\/fdp-aktiv.de\/blog\/wp-json\/wp\/v2\/posts\/8766\/revisions"}],"predecessor-version":[{"id":8768,"href":"https:\/\/fdp-aktiv.de\/blog\/wp-json\/wp\/v2\/posts\/8766\/revisions\/8768"}],"wp:attachment":[{"href":"https:\/\/fdp-aktiv.de\/blog\/wp-json\/wp\/v2\/media?parent=8766"}],"wp:term":[{"taxonomy":"category","embeddable":true,"href":"https:\/\/fdp-aktiv.de\/blog\/wp-json\/wp\/v2\/categories?post=8766"},{"taxonomy":"post_tag","embeddable":true,"href":"https:\/\/fdp-aktiv.de\/blog\/wp-json\/wp\/v2\/tags?post=8766"}],"curies":[{"name":"wp","href":"https:\/\/api.w.org\/{rel}","templated":true}]}}