{"id":8769,"date":"2023-01-03T18:34:35","date_gmt":"2023-01-03T17:34:35","guid":{"rendered":"https:\/\/fdp-aktiv.de\/blog\/?p=8769"},"modified":"2023-01-03T18:37:12","modified_gmt":"2023-01-03T17:37:12","slug":"baden-wuerttemberg-kern-kretschmann-regiert-lieber-weiterhin-ueber-die-koepfe-der-betroffenen-hinweg-als-mit-echter-beteiligung","status":"publish","type":"post","link":"https:\/\/fdp-aktiv.de\/blog\/2023\/01\/03\/baden-wuerttemberg-kern-kretschmann-regiert-lieber-weiterhin-ueber-die-koepfe-der-betroffenen-hinweg-als-mit-echter-beteiligung\/","title":{"rendered":"Baden-W\u00fcrttemberg &#8211; Kern: Kretschmann regiert lieber weiterhin \u00fcber die K\u00f6pfe der Betroffenen hinweg als mit echter Beteiligung"},"content":{"rendered":"<p>Zur L\u00f6sung der zahlreichen Probleme in der aktuellen Bildungssituation ist es unabdingbar, die Eltern angemessen zu beteiligen, sie mitzunehmen und eben nicht \u00fcber ihre K\u00f6pfe hinweg zu entscheiden<\/p>\n<figure id=\"attachment_4661\" aria-describedby=\"caption-attachment-4661\" style=\"width: 800px\" class=\"wp-caption aligncenter\"><a href=\"https:\/\/fdp-aktiv.de\/blog\/wp-content\/uploads\/2022\/02\/web-190226_fdp_kern_2774_final_02.jpg\"><img loading=\"lazy\" decoding=\"async\" class=\"size-large wp-image-4661\" src=\"https:\/\/fdp-aktiv.de\/blog\/wp-content\/uploads\/2022\/02\/web-190226_fdp_kern_2774_final_02-1024x683.jpg\" alt=\"\" width=\"800\" height=\"534\" srcset=\"https:\/\/fdp-aktiv.de\/blog\/wp-content\/uploads\/2022\/02\/web-190226_fdp_kern_2774_final_02-1024x683.jpg 1024w, https:\/\/fdp-aktiv.de\/blog\/wp-content\/uploads\/2022\/02\/web-190226_fdp_kern_2774_final_02-300x200.jpg 300w, https:\/\/fdp-aktiv.de\/blog\/wp-content\/uploads\/2022\/02\/web-190226_fdp_kern_2774_final_02-768x512.jpg 768w, https:\/\/fdp-aktiv.de\/blog\/wp-content\/uploads\/2022\/02\/web-190226_fdp_kern_2774_final_02-1536x1024.jpg 1536w, https:\/\/fdp-aktiv.de\/blog\/wp-content\/uploads\/2022\/02\/web-190226_fdp_kern_2774_final_02.jpg 1920w\" sizes=\"auto, (max-width: 800px) 100vw, 800px\" \/><\/a><figcaption id=\"caption-attachment-4661\" class=\"wp-caption-text\">Dr. Timm Ker<\/figcaption><\/figure>\n<p style=\"font-weight: 400;\">Zur Meldung, dass sich der Ministerpr\u00e4sident Winfried Kretschmann gegen mehr Mitbestimmung der Eltern in der Schulpolitik ausspricht, sagt der bildungspolitische Sprecher der FDP\/DVP-Fraktion,\u00a0<strong>Dr. Timm Kern<\/strong>:<\/p>\n<figure id=\"attachment_4661\" aria-describedby=\"caption-attachment-4661\" style=\"width: 800px\" class=\"wp-caption aligncenter\"><a href=\"https:\/\/fdp-aktiv.de\/blog\/wp-content\/uploads\/2022\/02\/web-190226_fdp_kern_2774_final_02.jpg\"><img loading=\"lazy\" decoding=\"async\" class=\"size-large wp-image-4661\" src=\"https:\/\/fdp-aktiv.de\/blog\/wp-content\/uploads\/2022\/02\/web-190226_fdp_kern_2774_final_02-1024x683.jpg\" alt=\"\" width=\"800\" height=\"534\" srcset=\"https:\/\/fdp-aktiv.de\/blog\/wp-content\/uploads\/2022\/02\/web-190226_fdp_kern_2774_final_02-1024x683.jpg 1024w, https:\/\/fdp-aktiv.de\/blog\/wp-content\/uploads\/2022\/02\/web-190226_fdp_kern_2774_final_02-300x200.jpg 300w, https:\/\/fdp-aktiv.de\/blog\/wp-content\/uploads\/2022\/02\/web-190226_fdp_kern_2774_final_02-768x512.jpg 768w, https:\/\/fdp-aktiv.de\/blog\/wp-content\/uploads\/2022\/02\/web-190226_fdp_kern_2774_final_02-1536x1024.jpg 1536w, https:\/\/fdp-aktiv.de\/blog\/wp-content\/uploads\/2022\/02\/web-190226_fdp_kern_2774_final_02.jpg 1920w\" sizes=\"auto, (max-width: 800px) 100vw, 800px\" \/><\/a><figcaption id=\"caption-attachment-4661\" class=\"wp-caption-text\">Dr. Timm Kern<\/figcaption><\/figure>\n<p style=\"font-weight: 400;\">\u201eAngesichts der aktuell dramatischen Probleme, was die Bildungsqualit\u00e4t in Baden-W\u00fcrttemberg angeht, ist es ein Alarmsignal, wenn der Vorsitzende des Landeselternbeirats seine eigene Rolle im bildungspolitischen Gef\u00fcge des Landes als \u201aschm\u00fcckendes Beiwerk\u2018 bezeichnet, das nur \u201ain vollkommen unerheblichen Fragen mitwirken\u2018 d\u00fcrfe.<\/p>\n<p style=\"font-weight: 400;\">Zur L\u00f6sung der zahlreichen Probleme in der aktuellen Bildungssituation in Baden-W\u00fcrttemberg m\u00fcsste der Ministerpr\u00e4sident sich zuerst ein detailliertes Bild der aktuellen bildungspolitischen Situation im Land machen. Daf\u00fcr ist es unabdingbar, die Eltern zu h\u00f6ren, sie angemessen zu beteiligen und mitzunehmen \u2013 und eben nicht \u00fcber ihre K\u00f6pfe hinweg zu entscheiden.<\/p>\n<p style=\"font-weight: 400;\">Das derzeitige Verhalten von Winfried Kretschmann und seiner gr\u00fcn-schwarzen Landesregierung, dass man auf die warnenden Stimmen der Expertinnen und Experten nicht h\u00f6rt, f\u00fcgt sich konsequent in seine bildungspolitischen Entscheidungen ein. Um zu einer fundierten Lagebeurteilung zu kommen, ist es entscheidend, die Expertise von Landeselternbeirat, Landessch\u00fclerbeirat und Lehrerverb\u00e4nde einzuholen \u2013 und diese ernst zu nehmen. Es steht aber zu bef\u00fcrchten, dass der Ministerpr\u00e4sident hierzu nicht die n\u00f6tige Entschlusskraft besitzt.\u201c<\/p>\n","protected":false},"excerpt":{"rendered":"<p>Zur L\u00f6sung der zahlreichen Probleme in der aktuellen Bildungssituation ist es unabdingbar, die Eltern angemessen zu beteiligen, sie mitzunehmen und eben nicht \u00fcber ihre K\u00f6pfe hinweg zu entscheiden Zur Meldung, [&#8230;]<\/p>\n","protected":false},"author":1,"featured_media":0,"comment_status":"open","ping_status":"closed","sticky":false,"template":"","format":"standard","meta":{"footnotes":""},"categories":[34],"tags":[1043,870,650],"class_list":["post-8769","post","type-post","status-publish","format-standard","hentry","category-bildung","tag-bildungspolitik","tag-dr-timm-kern","tag-fdp-dvp"],"_links":{"self":[{"href":"https:\/\/fdp-aktiv.de\/blog\/wp-json\/wp\/v2\/posts\/8769","targetHints":{"allow":["GET"]}}],"collection":[{"href":"https:\/\/fdp-aktiv.de\/blog\/wp-json\/wp\/v2\/posts"}],"about":[{"href":"https:\/\/fdp-aktiv.de\/blog\/wp-json\/wp\/v2\/types\/post"}],"author":[{"embeddable":true,"href":"https:\/\/fdp-aktiv.de\/blog\/wp-json\/wp\/v2\/users\/1"}],"replies":[{"embeddable":true,"href":"https:\/\/fdp-aktiv.de\/blog\/wp-json\/wp\/v2\/comments?post=8769"}],"version-history":[{"count":3,"href":"https:\/\/fdp-aktiv.de\/blog\/wp-json\/wp\/v2\/posts\/8769\/revisions"}],"predecessor-version":[{"id":8772,"href":"https:\/\/fdp-aktiv.de\/blog\/wp-json\/wp\/v2\/posts\/8769\/revisions\/8772"}],"wp:attachment":[{"href":"https:\/\/fdp-aktiv.de\/blog\/wp-json\/wp\/v2\/media?parent=8769"}],"wp:term":[{"taxonomy":"category","embeddable":true,"href":"https:\/\/fdp-aktiv.de\/blog\/wp-json\/wp\/v2\/categories?post=8769"},{"taxonomy":"post_tag","embeddable":true,"href":"https:\/\/fdp-aktiv.de\/blog\/wp-json\/wp\/v2\/tags?post=8769"}],"curies":[{"name":"wp","href":"https:\/\/api.w.org\/{rel}","templated":true}]}}