{"id":8797,"date":"2023-01-06T06:43:12","date_gmt":"2023-01-06T05:43:12","guid":{"rendered":"https:\/\/fdp-aktiv.de\/blog\/?p=8797"},"modified":"2023-01-06T06:46:54","modified_gmt":"2023-01-06T05:46:54","slug":"baden-wuerttemberg-haussmann-landesregierung-muss-dringend-aktiv-werden","status":"publish","type":"post","link":"https:\/\/fdp-aktiv.de\/blog\/2023\/01\/06\/baden-wuerttemberg-haussmann-landesregierung-muss-dringend-aktiv-werden\/","title":{"rendered":"Baden-W\u00fcrttemberg &#8211; Hau\u00dfmann: Landesregierung muss dringend aktiv werden"},"content":{"rendered":"<p>Wir ben\u00f6tigen einen landesweiten Krankenhausplan, damit die fl\u00e4chendeckende Versorgung auch k\u00fcnftig gesichert ist.<\/p>\n<p style=\"font-weight: 400;\">Die Ank\u00fcndigung, wonach die geplante gro\u00dfe Krankenhausreform bis zur Sommerpause vorgelegt werden soll, kommentiert der gesundheitspolitische Sprecher der FDP-Landtagsfraktion\u00a0<strong>Jochen Hau\u00dfmann\u00a0<\/strong>wie folgt:<\/p>\n<figure id=\"attachment_1641\" aria-describedby=\"caption-attachment-1641\" style=\"width: 800px\" class=\"wp-caption aligncenter\"><a href=\"https:\/\/fdp-aktiv.de\/blog\/wp-content\/uploads\/2021\/06\/web-190226_fdp_haussmann_0469_final_03.jpg\"><img loading=\"lazy\" decoding=\"async\" class=\"size-large wp-image-1641\" src=\"https:\/\/fdp-aktiv.de\/blog\/wp-content\/uploads\/2021\/06\/web-190226_fdp_haussmann_0469_final_03-1024x683.jpg\" alt=\"Jochen Hau\u00dfmann\" width=\"800\" height=\"534\" srcset=\"https:\/\/fdp-aktiv.de\/blog\/wp-content\/uploads\/2021\/06\/web-190226_fdp_haussmann_0469_final_03-1024x683.jpg 1024w, https:\/\/fdp-aktiv.de\/blog\/wp-content\/uploads\/2021\/06\/web-190226_fdp_haussmann_0469_final_03-300x200.jpg 300w, https:\/\/fdp-aktiv.de\/blog\/wp-content\/uploads\/2021\/06\/web-190226_fdp_haussmann_0469_final_03-768x512.jpg 768w, https:\/\/fdp-aktiv.de\/blog\/wp-content\/uploads\/2021\/06\/web-190226_fdp_haussmann_0469_final_03-1536x1024.jpg 1536w, https:\/\/fdp-aktiv.de\/blog\/wp-content\/uploads\/2021\/06\/web-190226_fdp_haussmann_0469_final_03.jpg 1920w\" sizes=\"auto, (max-width: 800px) 100vw, 800px\" \/><\/a><figcaption id=\"caption-attachment-1641\" class=\"wp-caption-text\">Jochen Hau\u00dfmann, FDP\/ DVP Fraktion<\/figcaption><\/figure>\n<p style=\"font-weight: 400;\">\u201eGerade in herausfordernden Zeiten ben\u00f6tigt es verantwortungsvolle Politik, die sich den Themen wie die fl\u00e4chendeckende gesundheitliche Versorgung stellt. Die geplante \u00dcberarbeitung der Krankenhausfinanzierung im Rahmen der gro\u00dfen Krankenhausreform kann dazu einen Beitrag leisten.\u00a0 Wichtig ist, dass die Erfahrungen der Coronapandemie in diese Reform\u00fcberlegungen miteinflie\u00dfen und auch die Anpassung der Finanzierung der Krankenh\u00e4user dabei einen zentralen Punkt bildet. In Baden-W\u00fcrttemberg brauchen wir endlich einen landesweiten Krankenhausplan, um die Versorgung fl\u00e4chendeckend sicherzustellen. Dazu geh\u00f6rt auch die \u00dcberpr\u00fcfung des Rettungsdienstes. Die Landesregierung muss sich im Rahmen von regionalen Strukturgespr\u00e4chen st\u00e4rker bei der Krankenhausplanung engagieren. Bereits in der 15. Legislaturperiode hatten wir mit einem 10-Punkte-Plan darauf hingewiesen, wie wichtig die Landeskrankenhausplanung und die Finanzierung der Investitionskosten ist. Gesundheitsminister Lucha und die gr\u00fcn-schwarze Landesregierung sind dringend gefordert z\u00fcgig aktiv zu werden.\u201c<\/p>\n<p style=\"font-weight: 400;\">\n","protected":false},"excerpt":{"rendered":"<p>Wir ben\u00f6tigen einen landesweiten Krankenhausplan, damit die fl\u00e4chendeckende Versorgung auch k\u00fcnftig gesichert ist. Die Ank\u00fcndigung, wonach die geplante gro\u00dfe Krankenhausreform bis zur Sommerpause vorgelegt werden soll, kommentiert der gesundheitspolitische Sprecher [&#8230;]<\/p>\n","protected":false},"author":1,"featured_media":0,"comment_status":"open","ping_status":"closed","sticky":false,"template":"","format":"standard","meta":{"footnotes":""},"categories":[123],"tags":[650,1343,1446,2971,2888],"class_list":["post-8797","post","type-post","status-publish","format-standard","hentry","category-gesundheit","tag-fdp-dvp","tag-jochen-haussmann","tag-krankenhaus","tag-krankenhausfinanzierung","tag-krankenhausreform"],"_links":{"self":[{"href":"https:\/\/fdp-aktiv.de\/blog\/wp-json\/wp\/v2\/posts\/8797","targetHints":{"allow":["GET"]}}],"collection":[{"href":"https:\/\/fdp-aktiv.de\/blog\/wp-json\/wp\/v2\/posts"}],"about":[{"href":"https:\/\/fdp-aktiv.de\/blog\/wp-json\/wp\/v2\/types\/post"}],"author":[{"embeddable":true,"href":"https:\/\/fdp-aktiv.de\/blog\/wp-json\/wp\/v2\/users\/1"}],"replies":[{"embeddable":true,"href":"https:\/\/fdp-aktiv.de\/blog\/wp-json\/wp\/v2\/comments?post=8797"}],"version-history":[{"count":1,"href":"https:\/\/fdp-aktiv.de\/blog\/wp-json\/wp\/v2\/posts\/8797\/revisions"}],"predecessor-version":[{"id":8798,"href":"https:\/\/fdp-aktiv.de\/blog\/wp-json\/wp\/v2\/posts\/8797\/revisions\/8798"}],"wp:attachment":[{"href":"https:\/\/fdp-aktiv.de\/blog\/wp-json\/wp\/v2\/media?parent=8797"}],"wp:term":[{"taxonomy":"category","embeddable":true,"href":"https:\/\/fdp-aktiv.de\/blog\/wp-json\/wp\/v2\/categories?post=8797"},{"taxonomy":"post_tag","embeddable":true,"href":"https:\/\/fdp-aktiv.de\/blog\/wp-json\/wp\/v2\/tags?post=8797"}],"curies":[{"name":"wp","href":"https:\/\/api.w.org\/{rel}","templated":true}]}}