{"id":886,"date":"2021-04-05T19:44:35","date_gmt":"2021-04-05T17:44:35","guid":{"rendered":"https:\/\/fdp-aktiv.de\/blog\/?p=886"},"modified":"2023-07-03T20:22:10","modified_gmt":"2023-07-03T18:22:10","slug":"und-noch-ein-desaster","status":"publish","type":"post","link":"https:\/\/fdp-aktiv.de\/blog\/2021\/04\/05\/und-noch-ein-desaster\/","title":{"rendered":"Und noch ein Desaster"},"content":{"rendered":"<h3 class=\"summary\">Kaum etwas h\u00e4tte der ohnehin verzweifelten Th\u00fcringer CDU mehr schaden k\u00f6nnen als das: Auch ihr Bundestagsabgeordneter Mark Hauptmann aus Suhl soll sich am Verkauf von Masken bereichert haben.<\/h3>\n<div>\n<section id=\"seite-1\" class=\"article-page\" data-page-number=\"1\" data-total=\"2\">\n<p class=\"paragraph article__item\">Dass er Teil eines gewaltigen Parteiskandals werden k\u00f6nnte? Nein, sagt Thomas M\u00fcller, das habe er nun wirklich nicht geahnt, als er vor einem Jahr Besuch bekam. Damals empfing M\u00fcller, Landrat von Hildburghausen in Th\u00fcringen, seinen Parteikollegen Mark Hauptmann, den \u00f6rtlichen CDU-Bundestagsabgeordneten. Beide M\u00e4nner kennen sich seit Jahren. &#8220;Kann ich euch helfen?&#8221;, habe Hauptmann gefragt, so erinnert sich M\u00fcller heute. Er selbst habe geantwortet: &#8220;Wir brauchen Masken!&#8221;<\/p>\n<p class=\"paragraph article__item\">Bald meldete sich Hauptmann wieder, mit guten Nachrichten: Es seien Masken da, sogar schon im Landkreis. M\u00fcller lie\u00df sie abholen, bezahlte die beigelegte Rechnung an den Lieferanten, das Frankfurter Unternehmen TY-Capital. 58.786 Euro f\u00fcr 41.500 Masken. &#8220;Wir hatten keinen Kontakt mit der Firma, das hat Mark Hauptmann alles im Hintergrund organisiert&#8221;, sagt M\u00fcller. Kam ihm das nicht komisch vor? &#8220;Wir haben das nicht hinterfragt. Wir waren damals so in Not. Wenn der liebe Gott Masken verkauft h\u00e4tte, h\u00e4tten wir die auch bei ihm gekauft.&#8221;<\/p>\n<p class=\"paragraph article__item\">Mark Hauptmann, 36, ist jedenfalls nicht der liebe Gott. Er ist jetzt ein Beschuldigter. Vorigen Donnerstag wurden seine Wohnr\u00e4ume und B\u00fcros durchsucht. Die Th\u00fcringer Generalstaatsanwaltschaft ermittelt gegen ihn. Es geht um Geldw\u00e4sche und Korruption im gro\u00dfen Stil, um Deals in Millionenh\u00f6he.\u00a0<a class=\"\" href=\"https:\/\/www.zeit.de\/politik\/deutschland\/2021-03\/maskenaffaere-mark-hauptmann-cdu-austritt-vermittlung-korruption\" target=\"_blank\" rel=\"noopener\">Am Freitag ist er aus der Partei ausgetreten<\/a>, sein Mandat hatte er da schon niedergelegt.<\/p>\n<p class=\"paragraph article__item\">In der\u00a0<a class=\"\" href=\"https:\/\/www.zeit.de\/politik\/deutschland\/2021-03\/maskenaffaere-union-schadensbegrenzung-landtagswahlen-georg-nuesslein-nikolas-loebel\" target=\"_blank\" rel=\"noopener\">Maskenaff\u00e4re, die gerade die gesamte CDU in Bedr\u00e4ngnis bringt<\/a>, weil mehrere Funktion\u00e4re sich bereichert haben sollen, ist Hauptmann nun ein Hauptprotagonist. \u00c4hnlich wie seine fr\u00fcheren Fraktionskollegen Nikolas L\u00f6bel aus Baden-W\u00fcrttemberg oder Georg N\u00fc\u00dflein aus Bayern soll er eine \u00fcppige Provision f\u00fcr die Deals erhalten haben, in seinem Fall knapp eine Million Euro.<\/p>\n<p class=\"paragraph article__item\">F\u00fcr die Th\u00fcringer Union sind diese Vorkommnisse mehr als ein Skandal, sie sind eine Katastrophe. Denn schon vor den Ermittlungen gegen Hauptmann war die Partei in einer verwundbaren Phase. Im vorigen Jahr war die Landespartei in sich zusammengefallen, nachdem ihre\u00a0<a class=\"\" href=\"https:\/\/www.zeit.de\/2021\/06\/thomas-kemmerich-fdp-thueringen-afd-ministerpraesident\" target=\"_blank\" rel=\"noopener\">Abgeordneten gemeinsam mit der AfD Thomas Kemmerich (FDP) zum Ministerpr\u00e4sidenten gew\u00e4hlt<\/a>\u00a0hatten. Seine Amtszeit w\u00e4hrte Tage. Nun stehen im Herbst Landtagswahlen an. Dass ausgerechnet jetzt Polizisten des LKA Gesch\u00e4ftsstellen der\u00a0<span class=\"rtr-schema-org\"><a class=\"rtr-entity\" href=\"https:\/\/www.zeit.de\/thema\/cdu\">CDU<\/a><\/span> durchsuchen, so wie es am Donnerstag geschah? Auf der Suche nach Beweisen f\u00fcr mutma\u00dflich illegale Gesch\u00e4fte von einem der bislang wichtigsten CDU-Funktion\u00e4re, Hauptmann eben?<\/p>\n<p class=\"paragraph article__item\">Christian Hirte, seit einem halben Jahr der Landeschef, versucht nicht, die Dramatik der Lage herunterzuspielen. &#8220;Dass sich einer aus unserer Truppe in solchen Dimensionen pers\u00f6nlich bereichert, ersch\u00fcttert unsere Landespartei bis ins Mark&#8221;, sagt er. Eigentlich wollte Hirte, gemeinsam mit dem neuen Fraktionsvorsitzenden Mario Voigt, Ruhe in den verstrittenen Landesverband bringen. &#8220;Noch vor wenigen Wochen h\u00e4tte ich gesagt, dass wir uns stabilisieren k\u00f6nnen&#8221;, so Hirte. &#8220;Es sah aus, als w\u00fcrde es besser werden<\/p>\n<p class=\"paragraph article__item\">Auch Mark Hauptmann hat im Februar \u2013 bevor seine Gesch\u00e4ftst\u00e4tigkeit ans Licht kam \u2013 versucht, Optimismus zu verbreiten. Auf Twitter schrieb er zur Corona-Lage: &#8220;In jeder Krise liegt auch immer eine Chance.&#8221; Seine Fraktion wolle diese Chance nutzen, f\u00fcr Deutschland, damit es &#8220;goldene 20er-Jahre f\u00fcr uns werden&#8221;.<\/p>\n<\/section>\n<section id=\"seite-2\" class=\"article-page\" data-page-number=\"2\" data-total=\"2\">\n<h2 class=\"article__subheading article__item\">Wie kann sich die Partei aus ihrer schwierigen Lage befreien?<\/h2>\n<p class=\"paragraph article__item\">Kurz zuvor soll Hauptmann 957.000 Euro von der Frankfurter Firma erhalten haben \u2013 als Provision f\u00fcr Maskengesch\u00e4fte. Auch sein CDU-Kreisverband Suhl hat eine Spende der Firma in H\u00f6he von 7000 Euro bekommen.<\/p>\n<p class=\"paragraph article__item\">Als der\u00a0<em>Spiegel<\/em>\u00a0Anfang M\u00e4rz erstmals \u00fcber Hauptmanns merkw\u00fcrdige Gesch\u00e4fte berichtete, dementierte der alle Vorw\u00fcrfe. Zun\u00e4chst ging es um f\u00fcnfstellige Summen, die der Abgeordnete unter anderem aus Aserbaidschan und Vietnam f\u00fcr Anzeigen in seiner Wahlkreiszeitung erhalten haben soll. Als die ersten Maskendeals anderer Parlamentarier bekannt wurden, unterschrieb Hauptmann am 10. M\u00e4rz die von der Fraktionsspitze geforderte &#8220;Ehrenerkl\u00e4rung&#8221;. Er beteuerte, &#8220;weder direkt noch \u00fcber Gesellschaften&#8221; von dem &#8220;Kauf oder Verkauf von Medizinprodukten&#8221; profitiert zu haben. Inzwischen ist er f\u00fcr Fragen der\u00a0<em>ZEIT<\/em> nicht mehr erreichbar. Auch sein Anwalt \u00e4u\u00dfert sich nicht.<\/p>\n<p class=\"paragraph article__item\">Im Durchsuchungsbefehl, den die\u00a0<em>ZEIT<\/em>\u00a0einsehen konnte, l\u00e4sst sich nachverfolgen, wie fr\u00fch der 36-J\u00e4hrige offenbar seine finanziellen Chancen in der Pandemie erkannt hat. Im Fr\u00fchjahr 2020 kontaktierte er Beh\u00f6rden, Kliniken, auch das Bundesgesundheitsministerium. Dem stellvertretenden Leiter des Th\u00fcringer Landesamts f\u00fcr Verbraucherschutz schrieb Hauptmann, er wolle ihn mit einem Mann &#8220;verlinken&#8221;, dessen Firma &#8220;derzeit auch den Bund und gr\u00f6\u00dfere Krankenhausketten&#8221; beliefere. Das Gesch\u00e4ft kam offenbar nicht zustande, aber die Landrats\u00e4mter Hildburghausen und Sonneberg griffen zu, auch ein Klinikum in Suhl. Dank Hauptmann soll die besagte Frankfurter Firma allein nach S\u00fcd-Th\u00fcringen mindestens 114.500 Masken f\u00fcr 230.400 Euro verkauft haben. Insgesamt ist das Gesch\u00e4ft offenkundig noch gr\u00f6\u00dfer gewesen. Hauptmann soll der Frankfurter Firma die Provision f\u00fcr einen Umsatz von 7,5 Millionen Euro von August bis November 2020 in Rechnung gestellt haben.<\/p>\n<p class=\"paragraph article__item\">Es gibt Einzelne in der Th\u00fcringer Union, die schon vor geraumer Zeit den Eindruck gewannen, Hauptmanns Umgang mit Geld sei zumindest merkw\u00fcrdig. Kristin Obst etwa, bis zum vergangenen Sommer war sie CDU-Kreischefin in Hildburghausen. Sie sagt, die nun aufgedeckte Dimension von Hauptmanns Gesch\u00e4ften habe sie zwar \u00fcberrascht. &#8220;Aber ich habe mich schon vor langer Zeit von ihm distanziert. Seine Finanzgesch\u00e4fte waren f\u00fcr mich undurchsichtig.&#8221; Im Mai 2019 habe er angeboten, Materialien f\u00fcr die Kommunalwahlen mitzufinanzieren. Als sie gefragt habe, woher das Geld daf\u00fcr kommen solle, habe sie keine Antwort erhalten. Stutzig sei sie schon 2015 geworden, als Hauptmann eine Spendenbescheinigung gefordert habe \u2013 und zwar f\u00fcr die Miete, die er dem Kreisverband f\u00fcr sein B\u00fcro in dessen Gesch\u00e4ftsstelle \u00fcberwies.<\/p>\n<div class=\"ad-container\" data-type=\"desktop\" data-tile=\"42\">\n<div id=\"iqadtile42\" class=\"ad ad-desktop ad-desktop--42 ad-desktop--42-on-article akzN\" tabindex=\"0\" data-banner-type=\"desktop\" aria-hidden=\"true\" data-google-query-id=\"CPr3la3T5-8CFYuP3godeRIJog\">\n<div id=\"google_ads_iframe_\/183\/zeitonline\/politik\/deutschland\/artikel_7__container__\"><\/div>\n<\/div>\n<\/div>\n<p class=\"paragraph article__item\">Als Bundestagsabgeordneter positionierte sich Hauptmann konsequent rechtskonservativ und wirtschaftsliberal \u2013 wenn es sein musste, auch quer zur Fraktionslinie. Das gefiel einigen in der Th\u00fcringer CDU, die sich ohnehin als konservative Bastion betrachtet.<\/p>\n<p class=\"paragraph article__item\">Und nun? Wie kann sich die Partei aus ihrer schwierigen Lage befreien?<\/p>\n<p class=\"paragraph article__item\">Ein Anruf bei Christine Lieberknecht, bis 2014 die CDU-Ministerpr\u00e4sidentin des Freistaats. Sie ringt ein paar Sekunden lang um passende Worte. Sagt dann: &#8220;Die Situation ist voller Baustellen.&#8221; Das gehe schon damit los, dass der Wahlkreis von Mark Hauptmann ein besonders wichtiger sei. Dort lebe die CDU-Stammw\u00e4hlerschaft. &#8220;Wenn die wegbricht, und davon ist auszugehen, ist das schon ein immenser Schaden.&#8221;<\/p>\n<p class=\"paragraph article__item\">Zu allem \u00dcberfluss drohe das n\u00e4chste Problem, so Lieberknecht: Damit es zur Landtagswahl kommen kann, muss das Parlament seiner Selbstaufl\u00f6sung zustimmen. Das soll im Juli geschehen. Dann braucht es eine Zweidrittelmehrheit. Schon vor Wochen gab es Ger\u00fcchte, dass CDU-Parlamentarier mit Nein stimmen wollen. Inzwischen haben sich die Anzeichen verdichtet, dass mindestens vier von ihnen es ernst meinen. Was bedeutet: Lieber wollen sie \u2013 wom\u00f6glich gemeinsam mit der\u00a0<span class=\"rtr-schema-org\"><a class=\"rtr-entity\" href=\"https:\/\/www.zeit.de\/thema\/alternative-fuer-deutschland\">AfD<\/a><\/span>\u00a0\u2013 die Aufl\u00f6sung des Landtages verhindern, als sich der Parteilinie zu unterwerfen.<\/p>\n<p class=\"paragraph article__item\">Gut m\u00f6glich also, dass der Th\u00fcringer Union weitere Misshelligkeiten bevorstehen.<\/p>\n<\/section>\n<nav class=\"article-pagination article__item\" aria-labelledby=\"article-pagination-title\" data-ct-area=\"article-pager\" data-ct-row=\"page_1_of_2\" data-ct-column=\"false\">\n<h3 id=\"article-pagination-title\" class=\"visually-hidden\">Seitennavigation<\/h3>\n<p><a class=\"article-pagination__link\" href=\"https:\/\/www.zeit.de\/index\" data-ct-label=\"Startseite\"><span class=\"article-pagination__button article-pagination__button--next\" data-gtm-vis-recent-on-screen-1445259_1693=\"13166\" data-gtm-vis-first-on-screen-1445259_1693=\"13166\" data-gtm-vis-total-visible-time-1445259_1693=\"100\" data-gtm-vis-has-fired-1445259_1693=\"1\">STARTSEITE<\/span><\/a><\/nav>\n<\/div>\n<div><\/div>\n<div class=\"byline\" data-ct-row=\"author\">Von\u00a0<a href=\"https:\/\/www.zeit.de\/autoren\/D\/Martin_Debes\/index\" rel=\"author\" data-ct-column=\"1_of_3\" data-ct-subcolumn=\"false\" data-vars-url=\"www.zeit.de\/autoren\/D\/Martin_Debes\/index\">Martin Debes<\/a>,\u00a0<a href=\"https:\/\/www.zeit.de\/autoren\/M\/August_Modersohn\/index\" rel=\"author\" data-ct-column=\"2_of_3\" data-ct-subcolumn=\"false\" data-vars-url=\"www.zeit.de\/autoren\/M\/August_Modersohn\/index\">August Modersohn<\/a>\u00a0und\u00a0<a href=\"https:\/\/www.zeit.de\/autoren\/N\/Martin_Nejezchleba\/index\" rel=\"author\" data-ct-column=\"3_of_3\" data-ct-subcolumn=\"false\" data-vars-url=\"www.zeit.de\/autoren\/N\/Martin_Nejezchleba\/index\">Martin Nejezchleba<\/a><\/div>\n<div class=\"metadata\"><time class=\"metadata__date\" datetime=\"2021-04-05T06:00:14+02:00\">5. April 2021, 6:00 Uhr <\/time><span class=\"metadata__source encoded-date\" data-obfuscated=\"WkVJVCBpbSBPc3RlbiBOci6gMTQvMjAyMSwgMzEuIE3kcnogMjAyMQ==\" data-ct-row=\"source\" data-ct-column=\"false\">ZEIT im Osten Nr.\u00a014\/2021, 31. M\u00e4rz 2021<\/span><\/div>\n","protected":false},"excerpt":{"rendered":"<p>Kaum etwas h\u00e4tte der ohnehin verzweifelten Th\u00fcringer CDU mehr schaden k\u00f6nnen als das: Auch ihr Bundestagsabgeordneter Mark Hauptmann aus Suhl soll sich am Verkauf von Masken bereichert haben. Dass er [&#8230;]<\/p>\n","protected":false},"author":1,"featured_media":0,"comment_status":"open","ping_status":"closed","sticky":false,"template":"","format":"standard","meta":{"footnotes":""},"categories":[6,8],"tags":[47,13,669,530,529],"class_list":["post-886","post","type-post","status-publish","format-standard","hentry","category-politik","category-wirtschaft","tag-cdu","tag-fdp","tag-fdp-thueringen","tag-mark-hauptmann","tag-maskenskandal"],"_links":{"self":[{"href":"https:\/\/fdp-aktiv.de\/blog\/wp-json\/wp\/v2\/posts\/886","targetHints":{"allow":["GET"]}}],"collection":[{"href":"https:\/\/fdp-aktiv.de\/blog\/wp-json\/wp\/v2\/posts"}],"about":[{"href":"https:\/\/fdp-aktiv.de\/blog\/wp-json\/wp\/v2\/types\/post"}],"author":[{"embeddable":true,"href":"https:\/\/fdp-aktiv.de\/blog\/wp-json\/wp\/v2\/users\/1"}],"replies":[{"embeddable":true,"href":"https:\/\/fdp-aktiv.de\/blog\/wp-json\/wp\/v2\/comments?post=886"}],"version-history":[{"count":1,"href":"https:\/\/fdp-aktiv.de\/blog\/wp-json\/wp\/v2\/posts\/886\/revisions"}],"predecessor-version":[{"id":887,"href":"https:\/\/fdp-aktiv.de\/blog\/wp-json\/wp\/v2\/posts\/886\/revisions\/887"}],"wp:attachment":[{"href":"https:\/\/fdp-aktiv.de\/blog\/wp-json\/wp\/v2\/media?parent=886"}],"wp:term":[{"taxonomy":"category","embeddable":true,"href":"https:\/\/fdp-aktiv.de\/blog\/wp-json\/wp\/v2\/categories?post=886"},{"taxonomy":"post_tag","embeddable":true,"href":"https:\/\/fdp-aktiv.de\/blog\/wp-json\/wp\/v2\/tags?post=886"}],"curies":[{"name":"wp","href":"https:\/\/api.w.org\/{rel}","templated":true}]}}