{"id":888,"date":"2021-04-06T07:40:15","date_gmt":"2021-04-06T05:40:15","guid":{"rendered":"https:\/\/fdp-aktiv.de\/blog\/?p=888"},"modified":"2021-04-06T07:40:15","modified_gmt":"2021-04-06T05:40:15","slug":"lockdown-im-bundestag-wiederholt-vorgeschlagen","status":"publish","type":"post","link":"https:\/\/fdp-aktiv.de\/blog\/2021\/04\/06\/lockdown-im-bundestag-wiederholt-vorgeschlagen\/","title":{"rendered":"Lockdown Im Bundestag wiederholt vorgeschlagen"},"content":{"rendered":"<h3><strong>S\u00f6der, Seehofer und Merkel f\u00fcr bundesweiten Lockdown \u2013 die FDP ist irritiert<\/strong><\/h3>\n<figure style=\"width: 629px\" class=\"wp-caption alignnone\"><img loading=\"lazy\" decoding=\"async\" src=\"https:\/\/p6.focus.de\/img\/kultur\/vermischtes\/id_13160612\/einheitliche-regeln-seehofer-und-soeder-fordern-corona-bundesgesetz.jpg?im=Resize%3D%28630%2C472%29&amp;hash=ee43e9d6202f28460a7b4678dfb53c0c0829ef38d02213993281bbd33c6d4388\" alt=\"Einheitliche Regeln: Seehofer und S\u00f6der fordern Corona-Bundesgesetz\" width=\"629\" height=\"472\" \/><figcaption class=\"wp-caption-text\">Einheitliche Regeln: Seehofer und S\u00f6der fordern Corona-Bundesgesetz<\/figcaption><\/figure>\n<div class=\"articleContent landscape ps-tracking-position ps-trackingposition_ArticleContent\">\n<div class=\"leadIn\">\n<p>Horst Seehofer und Markus S\u00f6der haben sich f\u00fcr ein st\u00e4rkeres Eingreifen des Bundes in der Corona-Pandemie ausgesprochen. Zuvor machte Kanzlerin Merkel deutlich, dass der Bund selbst die Initiative ergreifen k\u00f6nnte. In der FDP wundert man sich \u00fcber solche Forderungen.<\/p>\n<\/div>\n<div class=\"textBlock\">\n<p>\u201eEs gibt die gro\u00dfe Sehnsucht in der Bev\u00f6lkerung nach einheitlichen Regeln\u201c, meinte Bundesinnenminister Horst Seehofer gegen\u00fcber der\u00a0<a href=\"https:\/\/www.welt.de\/politik\/deutschland\/plus229702787\/Seehofer-Corona-Gesetz-liesse-sich-innerhalb-weniger-Tage-verabschieden.html\" target=\"_blank\" rel=\"noopener\">\u201eWelt am Sonntag\u201c<\/a>. Ein Bundesgesetz solle \u201egenau vorschreiben, welche Schritte bei den jeweiligen Inzidenzwerten unternommen werden m\u00fcssten \u2013 von der Versch\u00e4rfung bis zur Lockerung\u201c.<\/p>\n<ul>\n<li><a title=\"Surftipp: Alle Neuigkeiten zur Corona-Pandemie finden Sie im News-Ticker von FOCUS Online\" href=\"https:\/\/www.focus.de\/gesundheit\/news\/aktuelle-news-zur-corona-pandemie-im-ticker-rki-registriert-6885-corona-neuinfektionen-und-90-neue-todesfaelle_id_13005536.html\">Surftipp: Alle Neuigkeiten zur Corona-Pandemie finden Sie im News-Ticker von FOCUS Online<\/a><\/li>\n<\/ul>\n<p>Auch Markus S\u00f6der pl\u00e4diert f\u00fcr \u201eeinen einheitlichen bundesweiten Pandemieplan anstelle eines Flickenteppichs mit un\u00fcberschaubaren Regeln in den einzelnen Bundesl\u00e4ndern\u201c. Und Bundeskanzlerin Merkel machte vor einer Woche bei Anne Will deutlich, dass der Bund etwa \u00fcber eine \u00c4nderung des Infektionsschutzgesetzes selbst die Initiative ergreifen k\u00f6nnte.<\/p>\n<h2>FDP zeigt sich irritiert<\/h2>\n<p>Die FDP wundert sich \u00fcber diese Forderungen.\u00a0<a class=\"uc\" title=\"Mehr zu Angela Merkel\" href=\"https:\/\/www.focus.de\/personen\/angela-merkel\/\">Angela Merkel<\/a>, Markus S\u00f6der und Horst Seehofer w\u00fcrden lediglich aufgreifen, \u201ewas die FDP-Fraktion seit Herbst 2020 in verschiedenen Antr\u00e4gen und Gesetzentw\u00fcrfen im Bundestag wiederholt vorgeschlagen hat\u201c, kritisierte der\u00a0<a class=\"uc\" title=\"Mehr zu FDP-Politiker\" href=\"https:\/\/www.focus.de\/organisationen\/fdp\/\">FDP-Politiker<\/a>\u00a0Stephan Thomae. So habe die FDP im November 2020 beantragt, genau zu definieren, bei welchen Infektionslagen die Gesundheits\u00e4mter welche Ma\u00dfnahmen zu ergreifen h\u00e4tten.<\/p>\n<\/div>\n<div class=\"mediaBlock arto landscape clearfix mediav2\">\n<div id=\"imagefwid1\" class=\"image clearfix\"><img loading=\"lazy\" decoding=\"async\" class=\"lazyloaded\" title=\"Stephan Thomae, Abgeordneter der FDP im Deutschen Bundestag.\" src=\"https:\/\/p6.focus.de\/img\/fotos\/id_12289766\/urn-newsml-dpa-com-20090101-200806-99-65059-large-4-3.jpg?im=Resize%3D%28630%2C472%29&amp;hash=ac7e5fe5ee0defe2f365050918524962c358c580a2a840a21485015a7dbc0a42\" alt=\"Stephan Thomae\" width=\"630\" height=\"472\" border=\"0\" data-src=\"https:\/\/p6.focus.de\/img\/fotos\/id_12289766\/urn-newsml-dpa-com-20090101-200806-99-65059-large-4-3.jpg?im=Resize%3D%28630%2C472%29&amp;hash=ac7e5fe5ee0defe2f365050918524962c358c580a2a840a21485015a7dbc0a42\" \/><\/p>\n<div class=\"caption clearfix\"><span class=\"source\">dpa\/Christophe Gateau\/dpabild<\/span><span class=\"caption\">Stephan Thomae, Abgeordneter der FDP im Deutschen Bundestag.<\/span><\/div>\n<\/div>\n<\/div>\n<div class=\"textBlock\">\n<p>In einem weiteren Gesetzentwurf vom Februar 2021 habe die FDP einen konkreten Stufenplan f\u00fcr ein bundesweites Regelwerk mit klaren \u201eWenn-dann-Regeln\u201c vorgelegt, so dass vor Ort angemessen auf das jeweilige Infektionsgeschehen h\u00e4tte reagiert werden k\u00f6nnen. \u201eVerklausuliert fordern Merkel, Seehofer und S\u00f6der nun nichts anderes\u201c, sagte Thomae.<\/p>\n<h2>FDP rechnet mit gr\u00f6\u00dferer Akzeptanz in der Bev\u00f6lkerung<\/h2>\n<p>\u201eDie uneinheitliche Umsetzung der Beschl\u00fcsse der Corona-Gipfel h\u00e4tte ein Ende, bundesweit w\u00fcrden die gleichen Regeln gelten, und die Gesundheits\u00e4mter h\u00e4tten eine klare Handreichung\u201c, betonte der FDP-Politiker. Die Regeln w\u00fcrden \u201ein einem geordneten, \u00f6ffentlichen Gesetzgebungsverfahren im Bundestag zwischen den Fraktionen, mit Sachverst\u00e4ndigen und in der \u00d6ffentlichkeit debattiert, was eine gr\u00f6\u00dfere Akzeptanz in der Bev\u00f6lkerung schafft\u201c.<\/p>\n<p>Zudem w\u00fcrde \u201e\u00fcber die demokratischen Grundrechte und b\u00fcrgerlichen Freiheitsrechte, \u00fcber Berufs- und Gewerbefreiheit, Reise- und Niederlassungsfreiheit nicht hinter verschlossenen T\u00fcren in einer Nacht- und Nebel-Aktion entschieden\u201c, vielmehr k\u00f6nnten die Interessen von Wirtschaft und Gesellschaft in den Gesetzgebungsprozess einflie\u00dfen.<\/p>\n<h2>Mehrheit der Deutschen f\u00fcr Ausgangssperren<\/h2>\n<p>Eine klare Mehrheit der Deutschen hat sich indes f\u00fcr n\u00e4chtliche Ausgangsbeschr\u00e4nkungen zur Bek\u00e4mpfung der\u00a0<a class=\"uc\" title=\"Mehr zu Corona-Pandemie\" href=\"https:\/\/www.focus.de\/corona-virus\/live\/\">Corona-Pandemie<\/a>\u00a0ausgesprochen. In einer Umfrage des Meinungsforschungsinstituts YouGov waren angesichts steigender Infektionszahlen 56 Prozent daf\u00fcr, solche Ma\u00dfnahmen bundesweit zu ergreifen. 37 sind dagegen, sieben Prozent machten keine Angaben.<\/p>\n<\/div>\n<p>&nbsp;<\/p>\n<p>&nbsp;<\/p>\n<h3>Original Content<\/h3>\n<p><a href=\"https:\/\/www.focus.de\/politik\/deutschland\/immer-mehr-forderungen-nach-einheitlichen-regeln-soeder-seehofer-und-merkel-fuer-bundesweiten-lockdown-darueber-kann-fdp-sich-nur-wundern_id_13161519.html\">Focus.de<\/a>\u00a0 \u00a0&#8211;\u00a0 \u00a006.04.21\u00a0 \u00a0&#8211;\u00a0 \u00a007:00 Uhr<\/p>\n<p>&nbsp;<\/p>\n<\/div>\n<h3>Mehr zum Thema:<\/h3>\n<p><a href=\"https:\/\/fdp-aktiv.de\/blog\/2021\/02\/25\/fdp-kritik-an-stufenplan-fuer-ausstieg-aus-corona-lockdown\/\">FDP-Kritik an Stufenplan f\u00fcr Ausstieg aus Corona-Lockdown<\/a><\/p>\n<div class=\"articleContent landscape ps-tracking-position ps-trackingposition_ArticleContent\">\n<div class=\"mediaBlock arto landscape clearfix mediav2\">\n<div id=\"videofwid3\" class=\"video clearfix\">\n<div class=\"caption clearfix\"><\/div>\n<\/div>\n<\/div>\n<\/div>\n<div class=\"clear\"><\/div>\n","protected":false},"excerpt":{"rendered":"<p>S\u00f6der, Seehofer und Merkel f\u00fcr bundesweiten Lockdown \u2013 die FDP ist irritiert Horst Seehofer und Markus S\u00f6der haben sich f\u00fcr ein st\u00e4rkeres Eingreifen des Bundes in der Corona-Pandemie ausgesprochen. Zuvor [&#8230;]<\/p>\n","protected":false},"author":1,"featured_media":0,"comment_status":"open","ping_status":"closed","sticky":false,"template":"","format":"standard","meta":{"footnotes":""},"categories":[4,6,8],"tags":[13,531,27,18],"class_list":["post-888","post","type-post","status-publish","format-standard","hentry","category-covid-19","category-politik","category-wirtschaft","tag-fdp","tag-irritiert","tag-lockdown","tag-stufenplan"],"_links":{"self":[{"href":"https:\/\/fdp-aktiv.de\/blog\/wp-json\/wp\/v2\/posts\/888","targetHints":{"allow":["GET"]}}],"collection":[{"href":"https:\/\/fdp-aktiv.de\/blog\/wp-json\/wp\/v2\/posts"}],"about":[{"href":"https:\/\/fdp-aktiv.de\/blog\/wp-json\/wp\/v2\/types\/post"}],"author":[{"embeddable":true,"href":"https:\/\/fdp-aktiv.de\/blog\/wp-json\/wp\/v2\/users\/1"}],"replies":[{"embeddable":true,"href":"https:\/\/fdp-aktiv.de\/blog\/wp-json\/wp\/v2\/comments?post=888"}],"version-history":[{"count":1,"href":"https:\/\/fdp-aktiv.de\/blog\/wp-json\/wp\/v2\/posts\/888\/revisions"}],"predecessor-version":[{"id":889,"href":"https:\/\/fdp-aktiv.de\/blog\/wp-json\/wp\/v2\/posts\/888\/revisions\/889"}],"wp:attachment":[{"href":"https:\/\/fdp-aktiv.de\/blog\/wp-json\/wp\/v2\/media?parent=888"}],"wp:term":[{"taxonomy":"category","embeddable":true,"href":"https:\/\/fdp-aktiv.de\/blog\/wp-json\/wp\/v2\/categories?post=888"},{"taxonomy":"post_tag","embeddable":true,"href":"https:\/\/fdp-aktiv.de\/blog\/wp-json\/wp\/v2\/tags?post=888"}],"curies":[{"name":"wp","href":"https:\/\/api.w.org\/{rel}","templated":true}]}}