{"id":890,"date":"2021-04-06T07:59:47","date_gmt":"2021-04-06T05:59:47","guid":{"rendered":"https:\/\/fdp-aktiv.de\/blog\/?p=890"},"modified":"2021-04-06T07:59:47","modified_gmt":"2021-04-06T05:59:47","slug":"armin-laschets-lockdown-plaene-stossen-auf-kritik","status":"publish","type":"post","link":"https:\/\/fdp-aktiv.de\/blog\/2021\/04\/06\/armin-laschets-lockdown-plaene-stossen-auf-kritik\/","title":{"rendered":"Armin Laschets Lockdown-Pl\u00e4ne sto\u00dfen auf Kritik"},"content":{"rendered":"<h3>FDP, Gr\u00fcne und Linke kritisieren die Forderung des CDU-Chefs nach einem sogenannten Br\u00fcckenlockdown. Vorgezogene Bund-L\u00e4nder-Gespr\u00e4che sehen auch CSU und SPD skeptisch.<\/h3>\n<figure style=\"width: 820px\" class=\"wp-caption alignnone\"><img loading=\"lazy\" decoding=\"async\" src=\"https:\/\/img.zeit.de\/politik\/deutschland\/2021-04\/armin-laschet-cdu-corona-massnahmen\/wide__820x461__desktop\" alt=\"Corona-Ma\u00dfnahmen: CDU-Chef Armin Laschet\" width=\"820\" height=\"461\" \/><figcaption class=\"wp-caption-text\">CDU-Chef Armin Laschet \u00a9 Federico Gambarini\/\u200bdpa<\/figcaption><\/figure>\n<p><span class=\"figure__text\">CDU-Chef Armin Laschet<\/span>\u00a0<span class=\"figure__copyright\">\u00a9 Federico Gambarini\/\u200bdpa<\/span><\/p>\n<p>&nbsp;<\/p>\n<p class=\"paragraph article__item\">Die Oppositionsparteien im Bund kritisieren den\u00a0<a class=\"\" href=\"https:\/\/www.zeit.de\/politik\/deutschland\/2021-04\/corona-massnahmen-armin-laschet-bruecken-lockdown-nordrhein-westfalen\" target=\"_blank\" rel=\"noopener\">Vorsto\u00df von Nordrhein-Westfalens Ministerpr\u00e4sident Armin Laschet<\/a>\u00a0(CDU) f\u00fcr einen sogenannten Br\u00fcckenlockdown und ein vorgezogenes Spitzengespr\u00e4ch von Bund und L\u00e4ndern.<\/p>\n<p class=\"paragraph article__item\">Der stellvertretende FDP-Vorsitzende Wolfgang Kubicki bezeichnete die Pl\u00e4ne als Verzweiflungstat. Die Menschen sollten noch st\u00e4rker eingeschr\u00e4nkt werden, &#8220;um das Scheitern der Impfstrategie der CDU-gef\u00fchrten Bundesregierung zu \u00fcberdecken&#8221;, sagte Kubicki den Zeitungen der Funke Mediengruppe. Au\u00dferdem entstehe der Eindruck, Laschet wolle &#8220;bei der Unions-Kanzlerfrage wieder Boden gutmachen&#8221;. Viele B\u00fcrgerinnen und B\u00fcrger h\u00e4tten genug von neuen, &#8220;noch h\u00e4rteren Einschr\u00e4nkungsank\u00fcndigungen&#8221;. Die Menschen wollten &#8220;vielmehr, dass die Bundesregierung endlich ihren Job vern\u00fcnftig macht&#8221;.<\/p>\n<div class=\"ad-container\" data-type=\"mobile\" data-tile=\"3\"><\/div>\n<p class=\"paragraph article__item\">Deutliche Kritik kam auch von Gr\u00fcnen-Gesundheitspolitiker Janosch Dahmen. Er nannte es in der\u00a0<em>Rheinischen Post\u00a0<\/em>&#8220;besorgniserregend, dass Laschets Nachdenken \u00fcber Ostern offensichtlich nur dazu gef\u00fchrt hat, einen neuen Namen f\u00fcr einen Lockdown zu erfinden, statt endlich schnell und konsequent durchzugreifen&#8221;. Anstelle einer erneuten Ministerpr\u00e4sidentenkonferenz (MPK) sollte die &#8220;Bundesregierung dem Bundestag lieber sofort ein Gesetz vorlegen, mit dem ein bundesweit einheitlicher, wirkungsvoller Lockdown kurzfristig umgesetzt werden k\u00f6nnte&#8221;, forderte er.<\/p>\n<p class=\"paragraph article__item\">Zur Forderung nach einer vorgezogenen MPK \u00e4u\u00dferte sich auch Th\u00fcringens Ministerpr\u00e4sident Bodo Ramelow (Linke) verhalten. &#8220;Wir k\u00f6nnen als Ministerpr\u00e4sidentinnen und Ministerpr\u00e4sidenten gerne jederzeit zusammenkommen, aber da muss auch vorher was auf dem Tisch liegen, was wir dann auch wirklich gemeinsam beschlie\u00dfen und vor allem auch alle umsetzen&#8221;,\u00a0<a class=\"\" href=\"https:\/\/www.spiegel.de\/politik\/deutschland\/nrw-ministerpraesident-armin-laschet-ein-brueckenschlag-zur-kanzlerin-a-921dd1c9-8166-4a3a-9740-c258a146b2f4\" target=\"_blank\" rel=\"noopener\">sagte er dem\u00a0<em>Spiegel<\/em><\/a>. Ramelow bekr\u00e4ftigte seine Forderung nach einem Stufenplan aus dem Kanzleramt. Die &#8220;aktuellen Wortmeldungen&#8221; seien &#8220;wieder St\u00fcckwerk und von Hektik gepr\u00e4gt&#8221;, kritisierte er.<\/p>\n<h2 class=\"article__subheading article__item \">CSU verlangt Versch\u00e4rfung der Corona-Regeln<\/h2>\n<p class=\"paragraph article__item\">Auch die CSU kn\u00fcpft Bund-L\u00e4nder-Gespr\u00e4che in dieser Woche an Bedingungen. Die Partei ist laut Generalsekret\u00e4r Markus Blume nur dann f\u00fcr ein Vorziehen der MPK, wenn alle Bundesl\u00e4nder grunds\u00e4tzlich zu einer Versch\u00e4rfung der geltenden Regeln bereit sind. Blume sagte in der Online-Sendung\u00a0<em>Bild live<\/em>: &#8220;Eine neue MPK bringt ja nichts, wenn danach wieder jeder Seins macht. Deshalb ist ganz entscheidend, dass die Bereitschaft der L\u00e4nder da ist zu weitergehenden Ma\u00dfnahmen.&#8221;<\/p>\n<p class=\"paragraph article__item\">Laschet hatte beim Besuch eines Impfzentrums in Aachen vorgeschlagen, die f\u00fcr den 12. April geplante Ministerpr\u00e4sidentenkonferenz vorzuziehen und einen kurzen, aber harten\u00a0<span class=\"rtr-schema-org\"><a class=\"rtr-entity\" href=\"https:\/\/www.zeit.de\/thema\/lockdown\">Lockdown<\/a><\/span>\u00a0zu beschlie\u00dfen. Mit einem &#8220;Br\u00fcckenlockdown&#8221; k\u00f6nnten die Infektionen auf ein niedrigeres Niveau gedr\u00fcckt werden, das dann durch Tests gehalten werden k\u00f6nne, bis mehr Menschen geimpft seien. &#8220;F\u00fcr die letzten Meter brauchen wir noch einmal eine Kraftanstrengung&#8221;, sagte Laschet.<\/p>\n<p>&nbsp;<\/p>\n<p><iframe loading=\"lazy\" src=\"\/\/players.brightcove.net\/18140073001\/c09a3b98-8829-47a5-b93b-c3cca8a4b5e9_default\/index.html?videoId=6246679326001\" width=\"640\" height=\"320\" frameborder=\"1\" allowfullscreen=\"allowfullscreen\"><\/iframe><\/p>\n<p>&nbsp;<\/p>\n<p>Die CSU sei dazu bereit, das sei aber nicht \u00fcberall der Fall, sagte Blume. Mancher wolle ja sogar sein ganzes Land zu einer Modellregion mit \u00d6ffnungen erkl\u00e4ren, kritisierte er mit Blick auf das Saarland, das an diesem Dienstag mit dem Ausstieg aus dem Lockdown beginnen will. &#8220;Ein Corona-Lockdown-Herumgeeiere, wie wir das bei der letzten MPK erlebt haben mit stundenlangen Sitzungen, und danach geht man auseinander, und jeder macht Unterschiedliches, das kann nicht der Weg sein.&#8221;<\/p>\n<p class=\"paragraph article__item\">Grunds\u00e4tzlich offen daf\u00fcr, die n\u00e4chste Bund-L\u00e4nder-Konferenz auf diese Woche vorzuziehen, zeigte sich Hessens Ministerpr\u00e4sident Volker Bouffier (CDU). Die Konferenz m\u00fcsse &#8220;dann aber als Pr\u00e4senzveranstaltung stattfinden&#8221;, forderte er gegen\u00fcber dem Redaktionsnetzwerk Deutschland. Ziel m\u00fcsse &#8220;eine Verst\u00e4ndigung der L\u00e4nder sein&#8221;.<\/p>\n<p>&nbsp;<\/p>\n<h3>Original Content:<\/h3>\n<p><a href=\"https:\/\/www.zeit.de\/politik\/deutschland\/2021-04\/corona-massnahmen-armin-laschet-brueckenlockdown-kritik\">Zeit.de<\/a>\u00a0 \u00a0&#8211;\u00a0 \u00a006.04.21\u00a0 &#8211;\u00a0 \u00a00z:00 Uhr<\/p>\n<p>&nbsp;<\/p>\n<h3>Mehr zum Thema:<\/h3>\n<p><a title=\"FDP-Politiker fordern Modellversuch zur Durchimpfung\" href=\"https:\/\/fdp-aktiv.de\/blog\/2021\/03\/28\/fdp-politiker-fordern-modellversuch-zur-durchimpfung\/\">FDP-Politiker fordern Modellversuch zur Durchimpfung<\/a><\/p>\n","protected":false},"excerpt":{"rendered":"<p>FDP, Gr\u00fcne und Linke kritisieren die Forderung des CDU-Chefs nach einem sogenannten Br\u00fcckenlockdown. Vorgezogene Bund-L\u00e4nder-Gespr\u00e4che sehen auch CSU und SPD skeptisch. CDU-Chef Armin Laschet\u00a0\u00a9 Federico Gambarini\/\u200bdpa &nbsp; Die Oppositionsparteien im [&#8230;]<\/p>\n","protected":false},"author":1,"featured_media":0,"comment_status":"open","ping_status":"closed","sticky":false,"template":"","format":"standard","meta":{"footnotes":""},"categories":[4],"tags":[532,534,533,27,535,66],"class_list":["post-890","post","type-post","status-publish","format-standard","hentry","category-covid-19","tag-brueckenlockdown","tag-bund-laender-gespraeche","tag-fdpkrititk","tag-lockdown","tag-verzweiflungstat","tag-wolfgang-kubicki"],"_links":{"self":[{"href":"https:\/\/fdp-aktiv.de\/blog\/wp-json\/wp\/v2\/posts\/890","targetHints":{"allow":["GET"]}}],"collection":[{"href":"https:\/\/fdp-aktiv.de\/blog\/wp-json\/wp\/v2\/posts"}],"about":[{"href":"https:\/\/fdp-aktiv.de\/blog\/wp-json\/wp\/v2\/types\/post"}],"author":[{"embeddable":true,"href":"https:\/\/fdp-aktiv.de\/blog\/wp-json\/wp\/v2\/users\/1"}],"replies":[{"embeddable":true,"href":"https:\/\/fdp-aktiv.de\/blog\/wp-json\/wp\/v2\/comments?post=890"}],"version-history":[{"count":2,"href":"https:\/\/fdp-aktiv.de\/blog\/wp-json\/wp\/v2\/posts\/890\/revisions"}],"predecessor-version":[{"id":892,"href":"https:\/\/fdp-aktiv.de\/blog\/wp-json\/wp\/v2\/posts\/890\/revisions\/892"}],"wp:attachment":[{"href":"https:\/\/fdp-aktiv.de\/blog\/wp-json\/wp\/v2\/media?parent=890"}],"wp:term":[{"taxonomy":"category","embeddable":true,"href":"https:\/\/fdp-aktiv.de\/blog\/wp-json\/wp\/v2\/categories?post=890"},{"taxonomy":"post_tag","embeddable":true,"href":"https:\/\/fdp-aktiv.de\/blog\/wp-json\/wp\/v2\/tags?post=890"}],"curies":[{"name":"wp","href":"https:\/\/api.w.org\/{rel}","templated":true}]}}