{"id":8974,"date":"2023-01-15T09:24:11","date_gmt":"2023-01-15T08:24:11","guid":{"rendered":"https:\/\/fdp-aktiv.de\/blog\/?p=8974"},"modified":"2023-01-15T09:24:11","modified_gmt":"2023-01-15T08:24:11","slug":"baden-wuerttemberg-ruelke-gruene-ignorieren-bei-g9-den-willen-der-eltern","status":"publish","type":"post","link":"https:\/\/fdp-aktiv.de\/blog\/2023\/01\/15\/baden-wuerttemberg-ruelke-gruene-ignorieren-bei-g9-den-willen-der-eltern\/","title":{"rendered":"Baden-W\u00fcrttemberg &#8211; R\u00fclke: Gr\u00fcne ignorieren bei G9 den Willen der Eltern"},"content":{"rendered":"<p><strong>R\u00fclke: Gr\u00fcne ignorieren bei G9 den Willen der Eltern <\/strong><\/p>\n<p><strong>\u00a0<\/strong><\/p>\n<p>Es ist schon sehr bequem, dass Herr Schwarz den notwendigen Schritt einer R\u00fcckkehr zu G9 mit dem Argument eines Mehrbedarfs an Lehrkr\u00e4ften als nicht gangbar abtut<\/p>\n<p>Zur Meldung, dass der Gr\u00fcnen-Fraktionsvorsitzende Andreas Schwarz eine R\u00fcckkehr zu G9 kritisch sieht, sagt der Fraktionsvorsitzende der FDP\/DVP-Fraktion, <strong>Dr. Hans-Ulrich R\u00fclke<\/strong>:<\/p>\n<figure id=\"attachment_2866\" aria-describedby=\"caption-attachment-2866\" style=\"width: 800px\" class=\"wp-caption aligncenter\"><a href=\"https:\/\/fdp-aktiv.de\/blog\/wp-content\/uploads\/2021\/10\/classroom-2093744_1920.jpg\"><img loading=\"lazy\" decoding=\"async\" class=\"size-large wp-image-2866\" src=\"https:\/\/fdp-aktiv.de\/blog\/wp-content\/uploads\/2021\/10\/classroom-2093744_1920-1024x732.jpg\" alt=\"\" width=\"800\" height=\"572\" srcset=\"https:\/\/fdp-aktiv.de\/blog\/wp-content\/uploads\/2021\/10\/classroom-2093744_1920-1024x732.jpg 1024w, https:\/\/fdp-aktiv.de\/blog\/wp-content\/uploads\/2021\/10\/classroom-2093744_1920-300x214.jpg 300w, https:\/\/fdp-aktiv.de\/blog\/wp-content\/uploads\/2021\/10\/classroom-2093744_1920-768x549.jpg 768w, https:\/\/fdp-aktiv.de\/blog\/wp-content\/uploads\/2021\/10\/classroom-2093744_1920-1536x1098.jpg 1536w, https:\/\/fdp-aktiv.de\/blog\/wp-content\/uploads\/2021\/10\/classroom-2093744_1920.jpg 1920w\" sizes=\"auto, (max-width: 800px) 100vw, 800px\" \/><\/a><figcaption id=\"caption-attachment-2866\" class=\"wp-caption-text\">Bild von Wokandapix auf Pixabay<\/figcaption><\/figure>\n<p>\u201eEs ist schon sehr bequem, dass Herr Schwarz den notwendigen Schritt einer R\u00fcckkehr zu G9 mit dem Argument eines Mehrbedarfs an Lehrkr\u00e4ften als nicht gangbar abtut. Damit machen es sich die Gr\u00fcnen mal wieder sehr leicht und ignorieren durchweg den Wunsch der \u00fcberw\u00e4ltigenden Mehrheit der Eltern in Baden-W\u00fcrttemberg, zu G9 zur\u00fcckzukehren. Zwar zeigt Herr Schwarz Verst\u00e4ndnis f\u00fcr den Wunsch nach G9, doch von reinen Verst\u00e4ndnisbekundungen haben sowohl die Kinder an den Gymnasien als auch deren Eltern rein gar nichts. Was bildungspolitisch richtig ist, darf nicht am angeblich fehlenden Geld scheitern.\u201c<\/p>\n<p>&nbsp;<\/p>\n","protected":false},"excerpt":{"rendered":"<p>R\u00fclke: Gr\u00fcne ignorieren bei G9 den Willen der Eltern \u00a0 Es ist schon sehr bequem, dass Herr Schwarz den notwendigen Schritt einer R\u00fcckkehr zu G9 mit dem Argument eines Mehrbedarfs [&#8230;]<\/p>\n","protected":false},"author":1,"featured_media":0,"comment_status":"open","ping_status":"closed","sticky":false,"template":"","format":"standard","meta":{"footnotes":""},"categories":[34],"tags":[842,650,2252],"class_list":["post-8974","post","type-post","status-publish","format-standard","hentry","category-bildung","tag-dr-hans-ulrich-ruelke","tag-fdp-dvp","tag-g9"],"_links":{"self":[{"href":"https:\/\/fdp-aktiv.de\/blog\/wp-json\/wp\/v2\/posts\/8974","targetHints":{"allow":["GET"]}}],"collection":[{"href":"https:\/\/fdp-aktiv.de\/blog\/wp-json\/wp\/v2\/posts"}],"about":[{"href":"https:\/\/fdp-aktiv.de\/blog\/wp-json\/wp\/v2\/types\/post"}],"author":[{"embeddable":true,"href":"https:\/\/fdp-aktiv.de\/blog\/wp-json\/wp\/v2\/users\/1"}],"replies":[{"embeddable":true,"href":"https:\/\/fdp-aktiv.de\/blog\/wp-json\/wp\/v2\/comments?post=8974"}],"version-history":[{"count":1,"href":"https:\/\/fdp-aktiv.de\/blog\/wp-json\/wp\/v2\/posts\/8974\/revisions"}],"predecessor-version":[{"id":8975,"href":"https:\/\/fdp-aktiv.de\/blog\/wp-json\/wp\/v2\/posts\/8974\/revisions\/8975"}],"wp:attachment":[{"href":"https:\/\/fdp-aktiv.de\/blog\/wp-json\/wp\/v2\/media?parent=8974"}],"wp:term":[{"taxonomy":"category","embeddable":true,"href":"https:\/\/fdp-aktiv.de\/blog\/wp-json\/wp\/v2\/categories?post=8974"},{"taxonomy":"post_tag","embeddable":true,"href":"https:\/\/fdp-aktiv.de\/blog\/wp-json\/wp\/v2\/tags?post=8974"}],"curies":[{"name":"wp","href":"https:\/\/api.w.org\/{rel}","templated":true}]}}