{"id":9009,"date":"2023-01-16T15:10:58","date_gmt":"2023-01-16T14:10:58","guid":{"rendered":"https:\/\/fdp-aktiv.de\/blog\/?p=9009"},"modified":"2023-01-16T15:10:58","modified_gmt":"2023-01-16T14:10:58","slug":"bundestag-mueller-das-bundesministerium-der-verteidigung-braucht-einen-klugen-und-erfahrenen-kopf","status":"publish","type":"post","link":"https:\/\/fdp-aktiv.de\/blog\/2023\/01\/16\/bundestag-mueller-das-bundesministerium-der-verteidigung-braucht-einen-klugen-und-erfahrenen-kopf\/","title":{"rendered":"Bundestag &#8211; M\u00dcLLER: Das Bundesministerium der Verteidigung braucht einen klugen und erfahrenen Kopf"},"content":{"rendered":"<div class=\"clearfix text-formatted field field--name-body field--type-text-with-summary field--label-hidden field__item\">\n<p>Zum R\u00fccktritt von Christine Lambrecht als Verteidigungsministerin erkl\u00e4rt der verteidigungspolitische Sprecher der FDP-Fraktion Alexander M\u00fcller:<\/p>\n<p><img decoding=\"async\" class=\"aligncenter\" src=\"https:\/\/www.bundestag.de\/resource\/image\/864504\/3x4\/284\/379\/2cb9dfc8bb8664293586877c5ca389e8\/62FA4A2D5867BA3D3E3C554262DF4D6D\/mueller_alexander_gross.jpg\" alt=\"Alexander M\u00fcller\" \/><\/p>\n<p>\u201eDie Entscheidung von Christine Lambrecht verdient Respekt. Die Ampel-Koalition hat in kurzer Zeit viele wichtige Projekte angesto\u00dfen, welche zuvor \u00fcber Jahre liegengeblieben sind. Die mediale Debatte um die Person von Frau Lambrecht hat in der \u00d6ffentlichkeit zunehmend von inhaltlichen Fragen abgelenkt. Es ist daher richtig, dass Christine Lambrecht zum Wohle unserer Streitkr\u00e4fte und zum Gelingen der Zeitenwende einen Neustart erm\u00f6glicht. Die Lage gebietet es, nun sp\u00fcrbar an Tempo zuzulegen, auch um unseren internationalen Verpflichtungen gerecht zu werden. Die Beschaffung muss schneller und erfolgreicher erfolgen, die B\u00fcrokratie abgebaut werden und die Bundeswehr modernes Ger\u00e4t und ausreichend Personal haben, um unser Land verteidigen zu k\u00f6nnen. Das Bundesministerium der Verteidigung braucht einen klugen und erfahrenen Kopf, jemanden mit Mut zur konsequenten Umsetzung der Zeitenwende. Wir freuen uns auf die Zusammenarbeit, wen auch immer die SPD vorschl\u00e4gt. Das Parlament wird die Umsetzung der Zeitwende weiterhin mit eigenen Vorschl\u00e4gen und ganzer Kraft unterst\u00fctzen.\u201c<\/p>\n<\/div>\n","protected":false},"excerpt":{"rendered":"<p>Zum R\u00fccktritt von Christine Lambrecht als Verteidigungsministerin erkl\u00e4rt der verteidigungspolitische Sprecher der FDP-Fraktion Alexander M\u00fcller: \u201eDie Entscheidung von Christine Lambrecht verdient Respekt. Die Ampel-Koalition hat in kurzer Zeit viele wichtige [&#8230;]<\/p>\n","protected":false},"author":1,"featured_media":0,"comment_status":"open","ping_status":"closed","sticky":false,"template":"","format":"standard","meta":{"footnotes":""},"categories":[498],"tags":[1837,499,2688],"class_list":["post-9009","post","type-post","status-publish","format-standard","hentry","category-verteidigung","tag-alexander-mueller","tag-bundeswehr","tag-fdp-bundestag"],"_links":{"self":[{"href":"https:\/\/fdp-aktiv.de\/blog\/wp-json\/wp\/v2\/posts\/9009","targetHints":{"allow":["GET"]}}],"collection":[{"href":"https:\/\/fdp-aktiv.de\/blog\/wp-json\/wp\/v2\/posts"}],"about":[{"href":"https:\/\/fdp-aktiv.de\/blog\/wp-json\/wp\/v2\/types\/post"}],"author":[{"embeddable":true,"href":"https:\/\/fdp-aktiv.de\/blog\/wp-json\/wp\/v2\/users\/1"}],"replies":[{"embeddable":true,"href":"https:\/\/fdp-aktiv.de\/blog\/wp-json\/wp\/v2\/comments?post=9009"}],"version-history":[{"count":1,"href":"https:\/\/fdp-aktiv.de\/blog\/wp-json\/wp\/v2\/posts\/9009\/revisions"}],"predecessor-version":[{"id":9010,"href":"https:\/\/fdp-aktiv.de\/blog\/wp-json\/wp\/v2\/posts\/9009\/revisions\/9010"}],"wp:attachment":[{"href":"https:\/\/fdp-aktiv.de\/blog\/wp-json\/wp\/v2\/media?parent=9009"}],"wp:term":[{"taxonomy":"category","embeddable":true,"href":"https:\/\/fdp-aktiv.de\/blog\/wp-json\/wp\/v2\/categories?post=9009"},{"taxonomy":"post_tag","embeddable":true,"href":"https:\/\/fdp-aktiv.de\/blog\/wp-json\/wp\/v2\/tags?post=9009"}],"curies":[{"name":"wp","href":"https:\/\/api.w.org\/{rel}","templated":true}]}}