{"id":9029,"date":"2023-01-17T11:15:37","date_gmt":"2023-01-17T10:15:37","guid":{"rendered":"https:\/\/fdp-aktiv.de\/blog\/?p=9029"},"modified":"2023-01-17T11:15:37","modified_gmt":"2023-01-17T10:15:37","slug":"bundestag-houben-habeck-sollte-in-davos-fuer-ein-weltumspannendes-freihandelsnetz-der-demokratien-werben","status":"publish","type":"post","link":"https:\/\/fdp-aktiv.de\/blog\/2023\/01\/17\/bundestag-houben-habeck-sollte-in-davos-fuer-ein-weltumspannendes-freihandelsnetz-der-demokratien-werben\/","title":{"rendered":"Bundestag &#8211; HOUBEN: Habeck sollte in Davos f\u00fcr ein weltumspannendes Freihandelsnetz der Demokratien werben"},"content":{"rendered":"<div class=\"clearfix text-formatted field field--name-body field--type-text-with-summary field--label-hidden field__item\">\n<p>Zum Auftakt des Weltwirtschaftsforums erkl\u00e4rt der wirtschaftspolitische Sprecher der FDP-Fraktion Reinhard Houben:<\/p>\n<figure id=\"attachment_5008\" aria-describedby=\"caption-attachment-5008\" style=\"width: 800px\" class=\"wp-caption aligncenter\"><a href=\"https:\/\/fdp-aktiv.de\/blog\/wp-content\/uploads\/2022\/03\/Reinhard_Houben_Foto_fuer_Druck-scaled.jpg\"><img loading=\"lazy\" decoding=\"async\" class=\"size-large wp-image-5008\" src=\"https:\/\/fdp-aktiv.de\/blog\/wp-content\/uploads\/2022\/03\/Reinhard_Houben_Foto_fuer_Druck-992x1024.jpg\" alt=\"\" width=\"800\" height=\"826\" srcset=\"https:\/\/fdp-aktiv.de\/blog\/wp-content\/uploads\/2022\/03\/Reinhard_Houben_Foto_fuer_Druck-992x1024.jpg 992w, https:\/\/fdp-aktiv.de\/blog\/wp-content\/uploads\/2022\/03\/Reinhard_Houben_Foto_fuer_Druck-291x300.jpg 291w, https:\/\/fdp-aktiv.de\/blog\/wp-content\/uploads\/2022\/03\/Reinhard_Houben_Foto_fuer_Druck-768x793.jpg 768w, https:\/\/fdp-aktiv.de\/blog\/wp-content\/uploads\/2022\/03\/Reinhard_Houben_Foto_fuer_Druck-1488x1536.jpg 1488w, https:\/\/fdp-aktiv.de\/blog\/wp-content\/uploads\/2022\/03\/Reinhard_Houben_Foto_fuer_Druck-1984x2048.jpg 1984w\" sizes=\"auto, (max-width: 800px) 100vw, 800px\" \/><\/a><figcaption id=\"caption-attachment-5008\" class=\"wp-caption-text\">Reinhard Houben<\/figcaption><\/figure>\n<p>\u201eDas Weltwirtschaftsforum trifft sich in Zeiten enormer globaler Verwerfungen. Der russische Angriffskrieg auf die Ukraine hat vielen die Augen ge\u00f6ffnet. Der Westen ist sich einig, dass die Abh\u00e4ngigkeiten von Rohstoffen und Produkten aus Autokratien reduziert werden m\u00fcssen. Zugleich drohen durch industriepolitische Alleing\u00e4nge neue Protektionismusspiralen. Bundeswirtschaftsminister Robert Habeck sollte in Davos f\u00fcr ein weltumspannendes Freihandelsnetz der Demokratien als Gegengewicht zu den Autokratien werben. Ein wichtiger Baustein dessen w\u00e4re ein neuer Anlauf f\u00fcr ein Freihandelsabkommen zwischen der EU und den USA. Insbesondere gegen\u00fcber befreundeten Staaten wie den USA muss die klare Botschaft sein, dass sich eine enge Partnerschaft mit der EU f\u00fcr beide Seiten mehr lohnt als einseitige Abschottung. Schon allein deswegen ist das Treffen in den Schweizer Bergen sinnvoll.\u201c<\/p>\n<\/div>\n","protected":false},"excerpt":{"rendered":"<p>Zum Auftakt des Weltwirtschaftsforums erkl\u00e4rt der wirtschaftspolitische Sprecher der FDP-Fraktion Reinhard Houben: \u201eDas Weltwirtschaftsforum trifft sich in Zeiten enormer globaler Verwerfungen. Der russische Angriffskrieg auf die Ukraine hat vielen die [&#8230;]<\/p>\n","protected":false},"author":1,"featured_media":0,"comment_status":"open","ping_status":"closed","sticky":false,"template":"","format":"standard","meta":{"footnotes":""},"categories":[5,8],"tags":[3008,2688,1523],"class_list":["post-9029","post","type-post","status-publish","format-standard","hentry","category-aussenpolitik","category-wirtschaft","tag-davos","tag-fdp-bundestag","tag-reinhard-houben"],"_links":{"self":[{"href":"https:\/\/fdp-aktiv.de\/blog\/wp-json\/wp\/v2\/posts\/9029","targetHints":{"allow":["GET"]}}],"collection":[{"href":"https:\/\/fdp-aktiv.de\/blog\/wp-json\/wp\/v2\/posts"}],"about":[{"href":"https:\/\/fdp-aktiv.de\/blog\/wp-json\/wp\/v2\/types\/post"}],"author":[{"embeddable":true,"href":"https:\/\/fdp-aktiv.de\/blog\/wp-json\/wp\/v2\/users\/1"}],"replies":[{"embeddable":true,"href":"https:\/\/fdp-aktiv.de\/blog\/wp-json\/wp\/v2\/comments?post=9029"}],"version-history":[{"count":1,"href":"https:\/\/fdp-aktiv.de\/blog\/wp-json\/wp\/v2\/posts\/9029\/revisions"}],"predecessor-version":[{"id":9030,"href":"https:\/\/fdp-aktiv.de\/blog\/wp-json\/wp\/v2\/posts\/9029\/revisions\/9030"}],"wp:attachment":[{"href":"https:\/\/fdp-aktiv.de\/blog\/wp-json\/wp\/v2\/media?parent=9029"}],"wp:term":[{"taxonomy":"category","embeddable":true,"href":"https:\/\/fdp-aktiv.de\/blog\/wp-json\/wp\/v2\/categories?post=9029"},{"taxonomy":"post_tag","embeddable":true,"href":"https:\/\/fdp-aktiv.de\/blog\/wp-json\/wp\/v2\/tags?post=9029"}],"curies":[{"name":"wp","href":"https:\/\/api.w.org\/{rel}","templated":true}]}}