{"id":9124,"date":"2023-01-20T12:33:36","date_gmt":"2023-01-20T11:33:36","guid":{"rendered":"https:\/\/fdp-aktiv.de\/blog\/?p=9124"},"modified":"2023-01-20T12:33:36","modified_gmt":"2023-01-20T11:33:36","slug":"bundestag-kruse-hafenstrategie-wird-potenziale-entfesseln","status":"publish","type":"post","link":"https:\/\/fdp-aktiv.de\/blog\/2023\/01\/20\/bundestag-kruse-hafenstrategie-wird-potenziale-entfesseln\/","title":{"rendered":"Bundestag &#8211; Kruse: Hafenstrategie wird Potenziale entfesseln"},"content":{"rendered":"<p class=\"moz-quote-pre\">Zur Debatte um eine nationale Hafenstrategie erkl\u00e4rt Michael Kruse, Berichterstatter f\u00fcr H\u00e4fen der FDP-Bundestagsfraktion:<\/p>\n<figure id=\"attachment_8541\" aria-describedby=\"caption-attachment-8541\" style=\"width: 800px\" class=\"wp-caption aligncenter\"><a href=\"https:\/\/fdp-aktiv.de\/blog\/wp-content\/uploads\/2022\/12\/hamburg-hafen-6849995_1280.jpg\"><img loading=\"lazy\" decoding=\"async\" class=\"size-large wp-image-8541\" src=\"https:\/\/fdp-aktiv.de\/blog\/wp-content\/uploads\/2022\/12\/hamburg-hafen-6849995_1280-1024x682.jpg\" alt=\"Hafen Hamburg\" width=\"800\" height=\"533\" srcset=\"https:\/\/fdp-aktiv.de\/blog\/wp-content\/uploads\/2022\/12\/hamburg-hafen-6849995_1280-1024x682.jpg 1024w, https:\/\/fdp-aktiv.de\/blog\/wp-content\/uploads\/2022\/12\/hamburg-hafen-6849995_1280-300x200.jpg 300w, https:\/\/fdp-aktiv.de\/blog\/wp-content\/uploads\/2022\/12\/hamburg-hafen-6849995_1280-768x512.jpg 768w, https:\/\/fdp-aktiv.de\/blog\/wp-content\/uploads\/2022\/12\/hamburg-hafen-6849995_1280.jpg 1280w\" sizes=\"auto, (max-width: 800px) 100vw, 800px\" \/><\/a><figcaption id=\"caption-attachment-8541\" class=\"wp-caption-text\">Bild von <a href=\"https:\/\/pixabay.com\/de\/users\/niklas9416-4093236\/?utm_source=link-attribution&amp;utm_medium=referral&amp;utm_campaign=image&amp;utm_content=6849995\">Niklas<\/a> auf <a href=\"https:\/\/pixabay.com\/de\/\/?utm_source=link-attribution&amp;utm_medium=referral&amp;utm_campaign=image&amp;utm_content=6849995\">Pixabay<\/a><\/figcaption><\/figure>\n<p class=\"moz-quote-pre\">\n&#8220;Die nationale Hafenstrategie wird die Entfesselung einer Branche mit gro\u00dfen Zukunftschancen. Unsere H\u00e4fen k\u00f6nnen Anker der Zukunft der Energieversorgung werden. Die Produktion von Wasserstoff durch Elektrolyse machen vor allem dort Sinn, wo der Windstrom erzeugt wird. Als lebendige Knotenpunkte nahezu aller Branchen sind unsere H\u00e4fen auf ein klug koordiniertes Sedimentmanagement, leistungsf\u00e4hige Hinterland-Anbindungen und echten wirtschaftlichen Freiraum angewiesen. Die neue nationale Hafenstrategie wird dazu einen wichtigen Beitrag leisten. Anspruchslosigkeit zeigt die Union mit einem aufgew\u00e4rmten Schaufensterantrag zu H\u00e4fen heute im Deutschen Bundestag. Mit solch einer politischen Lethargie wird man dem Potenzial der H\u00e4fen nicht gerecht.&#8221;<\/p>\n","protected":false},"excerpt":{"rendered":"<p>Zur Debatte um eine nationale Hafenstrategie erkl\u00e4rt Michael Kruse, Berichterstatter f\u00fcr H\u00e4fen der FDP-Bundestagsfraktion: &#8220;Die nationale Hafenstrategie wird die Entfesselung einer Branche mit gro\u00dfen Zukunftschancen. Unsere H\u00e4fen k\u00f6nnen Anker der [&#8230;]<\/p>\n","protected":false},"author":1,"featured_media":0,"comment_status":"open","ping_status":"closed","sticky":false,"template":"","format":"standard","meta":{"footnotes":""},"categories":[144,8],"tags":[2688,2779,1390],"class_list":["post-9124","post","type-post","status-publish","format-standard","hentry","category-verkehr-innenpolitik","category-wirtschaft","tag-fdp-bundestag","tag-hamburger-hafen","tag-michael-kruse"],"_links":{"self":[{"href":"https:\/\/fdp-aktiv.de\/blog\/wp-json\/wp\/v2\/posts\/9124","targetHints":{"allow":["GET"]}}],"collection":[{"href":"https:\/\/fdp-aktiv.de\/blog\/wp-json\/wp\/v2\/posts"}],"about":[{"href":"https:\/\/fdp-aktiv.de\/blog\/wp-json\/wp\/v2\/types\/post"}],"author":[{"embeddable":true,"href":"https:\/\/fdp-aktiv.de\/blog\/wp-json\/wp\/v2\/users\/1"}],"replies":[{"embeddable":true,"href":"https:\/\/fdp-aktiv.de\/blog\/wp-json\/wp\/v2\/comments?post=9124"}],"version-history":[{"count":1,"href":"https:\/\/fdp-aktiv.de\/blog\/wp-json\/wp\/v2\/posts\/9124\/revisions"}],"predecessor-version":[{"id":9125,"href":"https:\/\/fdp-aktiv.de\/blog\/wp-json\/wp\/v2\/posts\/9124\/revisions\/9125"}],"wp:attachment":[{"href":"https:\/\/fdp-aktiv.de\/blog\/wp-json\/wp\/v2\/media?parent=9124"}],"wp:term":[{"taxonomy":"category","embeddable":true,"href":"https:\/\/fdp-aktiv.de\/blog\/wp-json\/wp\/v2\/categories?post=9124"},{"taxonomy":"post_tag","embeddable":true,"href":"https:\/\/fdp-aktiv.de\/blog\/wp-json\/wp\/v2\/tags?post=9124"}],"curies":[{"name":"wp","href":"https:\/\/api.w.org\/{rel}","templated":true}]}}