{"id":9147,"date":"2023-01-23T14:46:17","date_gmt":"2023-01-23T13:46:17","guid":{"rendered":"https:\/\/fdp-aktiv.de\/blog\/?p=9147"},"modified":"2023-01-23T14:46:17","modified_gmt":"2023-01-23T13:46:17","slug":"kemmerich-finger-weg-vom-thueringer-haertefall-fonds","status":"publish","type":"post","link":"https:\/\/fdp-aktiv.de\/blog\/2023\/01\/23\/kemmerich-finger-weg-vom-thueringer-haertefall-fonds\/","title":{"rendered":"Kemmerich: Finger weg vom Th\u00fcringer H\u00e4rtefall-Fonds!"},"content":{"rendered":"<div class=\"clearfix text-formatted field field--name-body field--type-text-with-summary field--label-hidden field__item\">\n<p>Die FDP im Th\u00fcringer Landtag weist die Absicht des Wirtschaftsministers zur\u00fcck, einen erheblichen Teil des im Oktober 2022 eingerichteten H\u00e4rtefallprogramms nicht f\u00fcr Energiehilfen zu nutzen, sondern f\u00fcr den Ausbau erneuerbarer Energien. Dazu erkl\u00e4rt Thomas L. Kemmerich:<\/p>\n<figure id=\"attachment_1115\" aria-describedby=\"caption-attachment-1115\" style=\"width: 790px\" class=\"wp-caption aligncenter\"><a href=\"https:\/\/fdp-aktiv.de\/blog\/wp-content\/uploads\/2021\/04\/Thoms-Kemmerich.jpg\"><img loading=\"lazy\" decoding=\"async\" class=\"size-full wp-image-1115\" src=\"https:\/\/fdp-aktiv.de\/blog\/wp-content\/uploads\/2021\/04\/Thoms-Kemmerich.jpg\" alt=\"Thomas L. Kemmerich\" width=\"790\" height=\"700\" srcset=\"https:\/\/fdp-aktiv.de\/blog\/wp-content\/uploads\/2021\/04\/Thoms-Kemmerich.jpg 790w, https:\/\/fdp-aktiv.de\/blog\/wp-content\/uploads\/2021\/04\/Thoms-Kemmerich-300x266.jpg 300w, https:\/\/fdp-aktiv.de\/blog\/wp-content\/uploads\/2021\/04\/Thoms-Kemmerich-768x681.jpg 768w\" sizes=\"auto, (max-width: 790px) 100vw, 790px\" \/><\/a><figcaption id=\"caption-attachment-1115\" class=\"wp-caption-text\">Thomas L. Kemmerich<\/figcaption><\/figure>\n<p>\u201eFinger weg vom Sonderverm\u00f6gen! Der Landtag hat diesen Fonds nicht nur f\u00fcr wenige Wochen eingerichtet, sondern f\u00fcr die Dauer der Energiekrise. Wer die Gelder schon jetzt f\u00fcr andere Zwecke umwidmen m\u00f6chte, handelt fahrl\u00e4ssig, zumindest aber blau\u00e4ugig. Wir m\u00fcssen leider davon ausgehen, dass die Krise mindestens noch ein Jahr andauern wird. In Zeiten wir diesen kommt es darauf an, besonnen zu agieren. Ansonsten besteht die Gefahr, dass Th\u00fcringen im Falle des Falles mit heruntergelassenen Hosen da steht. Das kann niemand ernsthaft wollen.\u201c<\/p>\n<\/div>\n","protected":false},"excerpt":{"rendered":"<p>Die FDP im Th\u00fcringer Landtag weist die Absicht des Wirtschaftsministers zur\u00fcck, einen erheblichen Teil des im Oktober 2022 eingerichteten H\u00e4rtefallprogramms nicht f\u00fcr Energiehilfen zu nutzen, sondern f\u00fcr den Ausbau erneuerbarer [&#8230;]<\/p>\n","protected":false},"author":1,"featured_media":0,"comment_status":"open","ping_status":"closed","sticky":false,"template":"","format":"standard","meta":{"footnotes":""},"categories":[1979,55],"tags":[669,1396,271],"class_list":["post-9147","post","type-post","status-publish","format-standard","hentry","category-energie","category-finanzen","tag-fdp-thueringen","tag-sondervermoegen","tag-thomas-kemmerich"],"_links":{"self":[{"href":"https:\/\/fdp-aktiv.de\/blog\/wp-json\/wp\/v2\/posts\/9147","targetHints":{"allow":["GET"]}}],"collection":[{"href":"https:\/\/fdp-aktiv.de\/blog\/wp-json\/wp\/v2\/posts"}],"about":[{"href":"https:\/\/fdp-aktiv.de\/blog\/wp-json\/wp\/v2\/types\/post"}],"author":[{"embeddable":true,"href":"https:\/\/fdp-aktiv.de\/blog\/wp-json\/wp\/v2\/users\/1"}],"replies":[{"embeddable":true,"href":"https:\/\/fdp-aktiv.de\/blog\/wp-json\/wp\/v2\/comments?post=9147"}],"version-history":[{"count":1,"href":"https:\/\/fdp-aktiv.de\/blog\/wp-json\/wp\/v2\/posts\/9147\/revisions"}],"predecessor-version":[{"id":9148,"href":"https:\/\/fdp-aktiv.de\/blog\/wp-json\/wp\/v2\/posts\/9147\/revisions\/9148"}],"wp:attachment":[{"href":"https:\/\/fdp-aktiv.de\/blog\/wp-json\/wp\/v2\/media?parent=9147"}],"wp:term":[{"taxonomy":"category","embeddable":true,"href":"https:\/\/fdp-aktiv.de\/blog\/wp-json\/wp\/v2\/categories?post=9147"},{"taxonomy":"post_tag","embeddable":true,"href":"https:\/\/fdp-aktiv.de\/blog\/wp-json\/wp\/v2\/tags?post=9147"}],"curies":[{"name":"wp","href":"https:\/\/api.w.org\/{rel}","templated":true}]}}