{"id":9161,"date":"2023-01-23T18:31:19","date_gmt":"2023-01-23T17:31:19","guid":{"rendered":"https:\/\/fdp-aktiv.de\/blog\/?p=9161"},"modified":"2023-01-23T18:31:19","modified_gmt":"2023-01-23T17:31:19","slug":"czaja-zum-versprechen-dass-alle-berliner-innerhalb-von-14-tagen-einen-buergeramts-termin-buchen-koennen","status":"publish","type":"post","link":"https:\/\/fdp-aktiv.de\/blog\/2023\/01\/23\/czaja-zum-versprechen-dass-alle-berliner-innerhalb-von-14-tagen-einen-buergeramts-termin-buchen-koennen\/","title":{"rendered":"CZAJA &#8211; zum Versprechen, dass alle Berliner innerhalb von 14 Tagen einen B\u00fcrgeramts-Termin buchen k\u00f6nnen"},"content":{"rendered":"<p style=\"font-weight: 400;\"><strong>BERLIN:\u00a0<\/strong>Sebastian Czaja, Vorsitzender der FDP-Fraktion im Abgeordnetenhaus von Berlin, zum Versprechen, dass alle Berliner innerhalb von 14 Tagen einen B\u00fcrgeramts-Termin buchen k\u00f6nnen:<\/p>\n<figure id=\"attachment_2145\" aria-describedby=\"caption-attachment-2145\" style=\"width: 800px\" class=\"wp-caption aligncenter\"><a href=\"https:\/\/fdp-aktiv.de\/blog\/wp-content\/uploads\/2021\/08\/Sebastian_Czaja_FDP.jpg\"><img loading=\"lazy\" decoding=\"async\" class=\"size-large wp-image-2145\" src=\"https:\/\/fdp-aktiv.de\/blog\/wp-content\/uploads\/2021\/08\/Sebastian_Czaja_FDP-1024x713.jpg\" alt=\"Sebastian Czaja\" width=\"800\" height=\"557\" srcset=\"https:\/\/fdp-aktiv.de\/blog\/wp-content\/uploads\/2021\/08\/Sebastian_Czaja_FDP-1024x713.jpg 1024w, https:\/\/fdp-aktiv.de\/blog\/wp-content\/uploads\/2021\/08\/Sebastian_Czaja_FDP-300x209.jpg 300w, https:\/\/fdp-aktiv.de\/blog\/wp-content\/uploads\/2021\/08\/Sebastian_Czaja_FDP-768x535.jpg 768w, https:\/\/fdp-aktiv.de\/blog\/wp-content\/uploads\/2021\/08\/Sebastian_Czaja_FDP.jpg 1200w\" sizes=\"auto, (max-width: 800px) 100vw, 800px\" \/><\/a><figcaption id=\"caption-attachment-2145\" class=\"wp-caption-text\">Sebastian Czaja<\/figcaption><\/figure>\n<p style=\"font-weight: 400;\">\u201e<em>Dass Staatssekret\u00e4r Kleindiek dieses Versprechen kurz vor der Wahl abgibt, verwundert nicht. Allein der Glaube fehlt, dass von diesem Versprechen nach der Wahl besonders viel \u00fcbrig bleibt &#8211; obwohl das nat\u00fcrlich w\u00fcnschenswert w\u00e4re. Neben diesen Selbstverst\u00e4ndlichkeiten m\u00fcssen wir aber endlich auch unsere Verwaltungsstrukturen tiefgreifend neu ordnen, um auch dauerhaft f\u00fcr eine funktionierende Stadt zu sorgen. Ein Vorschlag der Freien Demokraten liegt dazu auf dem Tisch.\u201c<\/em><\/p>\n","protected":false},"excerpt":{"rendered":"<p>BERLIN:\u00a0Sebastian Czaja, Vorsitzender der FDP-Fraktion im Abgeordnetenhaus von Berlin, zum Versprechen, dass alle Berliner innerhalb von 14 Tagen einen B\u00fcrgeramts-Termin buchen k\u00f6nnen: \u201eDass Staatssekret\u00e4r Kleindiek dieses Versprechen kurz vor der [&#8230;]<\/p>\n","protected":false},"author":1,"featured_media":0,"comment_status":"open","ping_status":"closed","sticky":false,"template":"","format":"standard","meta":{"footnotes":""},"categories":[6],"tags":[706,104],"class_list":["post-9161","post","type-post","status-publish","format-standard","hentry","category-politik","tag-fdp-berlin","tag-sebastian-czaja"],"_links":{"self":[{"href":"https:\/\/fdp-aktiv.de\/blog\/wp-json\/wp\/v2\/posts\/9161","targetHints":{"allow":["GET"]}}],"collection":[{"href":"https:\/\/fdp-aktiv.de\/blog\/wp-json\/wp\/v2\/posts"}],"about":[{"href":"https:\/\/fdp-aktiv.de\/blog\/wp-json\/wp\/v2\/types\/post"}],"author":[{"embeddable":true,"href":"https:\/\/fdp-aktiv.de\/blog\/wp-json\/wp\/v2\/users\/1"}],"replies":[{"embeddable":true,"href":"https:\/\/fdp-aktiv.de\/blog\/wp-json\/wp\/v2\/comments?post=9161"}],"version-history":[{"count":1,"href":"https:\/\/fdp-aktiv.de\/blog\/wp-json\/wp\/v2\/posts\/9161\/revisions"}],"predecessor-version":[{"id":9162,"href":"https:\/\/fdp-aktiv.de\/blog\/wp-json\/wp\/v2\/posts\/9161\/revisions\/9162"}],"wp:attachment":[{"href":"https:\/\/fdp-aktiv.de\/blog\/wp-json\/wp\/v2\/media?parent=9161"}],"wp:term":[{"taxonomy":"category","embeddable":true,"href":"https:\/\/fdp-aktiv.de\/blog\/wp-json\/wp\/v2\/categories?post=9161"},{"taxonomy":"post_tag","embeddable":true,"href":"https:\/\/fdp-aktiv.de\/blog\/wp-json\/wp\/v2\/tags?post=9161"}],"curies":[{"name":"wp","href":"https:\/\/api.w.org\/{rel}","templated":true}]}}