{"id":9163,"date":"2023-01-23T18:36:02","date_gmt":"2023-01-23T17:36:02","guid":{"rendered":"https:\/\/fdp-aktiv.de\/blog\/?p=9163"},"modified":"2023-01-23T18:36:02","modified_gmt":"2023-01-23T17:36:02","slug":"hessen-stirboeck-rechenzentren-unterstuetzen-statt-vertreiben","status":"publish","type":"post","link":"https:\/\/fdp-aktiv.de\/blog\/2023\/01\/23\/hessen-stirboeck-rechenzentren-unterstuetzen-statt-vertreiben\/","title":{"rendered":"Hessen &#8211; STIRB\u00d6CK: Rechenzentren unterst\u00fctzen statt vertreiben"},"content":{"rendered":"<p><strong>Digitalministerin Kristina Sinemus hat heute die Ergebnisse einer Studie der IKT-Branche in Hessen vorgestellt. Dazu erkl\u00e4rt der digitalpolitische Sprecher der Freien Demokraten im Hessischen Landtag, Oliver STIRB\u00d6CK:<\/strong><\/p>\n<figure id=\"attachment_3722\" aria-describedby=\"caption-attachment-3722\" style=\"width: 800px\" class=\"wp-caption aligncenter\"><a href=\"https:\/\/fdp-aktiv.de\/blog\/wp-content\/uploads\/2022\/01\/393px-Oliver_Stirboeck.jpg\"><img loading=\"lazy\" decoding=\"async\" class=\"size-large wp-image-3722\" src=\"https:\/\/fdp-aktiv.de\/blog\/wp-content\/uploads\/2022\/01\/393px-Oliver_Stirboeck-812x1024.jpg\" alt=\"\" width=\"800\" height=\"1009\" srcset=\"https:\/\/fdp-aktiv.de\/blog\/wp-content\/uploads\/2022\/01\/393px-Oliver_Stirboeck-812x1024.jpg 812w, https:\/\/fdp-aktiv.de\/blog\/wp-content\/uploads\/2022\/01\/393px-Oliver_Stirboeck-238x300.jpg 238w, https:\/\/fdp-aktiv.de\/blog\/wp-content\/uploads\/2022\/01\/393px-Oliver_Stirboeck-768x969.jpg 768w, https:\/\/fdp-aktiv.de\/blog\/wp-content\/uploads\/2022\/01\/393px-Oliver_Stirboeck-1217x1536.jpg 1217w, https:\/\/fdp-aktiv.de\/blog\/wp-content\/uploads\/2022\/01\/393px-Oliver_Stirboeck-1623x2048.jpg 1623w, https:\/\/fdp-aktiv.de\/blog\/wp-content\/uploads\/2022\/01\/393px-Oliver_Stirboeck.jpg 2029w\" sizes=\"auto, (max-width: 800px) 100vw, 800px\" \/><\/a><figcaption id=\"caption-attachment-3722\" class=\"wp-caption-text\">Oliver Stirb\u00f6ck<\/figcaption><\/figure>\n<p>\u201eDie Internetknotenpunkte und die umliegenden Rechenzentren bilden die Basis des Wachstums der IKT-Branche. Deshalb ist es wichtig, die Rechenzentren zu unterst\u00fctzen und ihnen die Arbeit m\u00f6glichst leicht zu machen, statt sie durch \u00dcberregulierung zu vertreiben. Tats\u00e4chlich droht der Exodus der Rechenzentren nach Skandinavien, weil sie dort bessere Bedingungen vorfinden. Die Ministerin sollte also nicht nur sch\u00f6ne Zahlen pr\u00e4sentieren, sondern Hessens Stimme f\u00fcr die Zukunft der IKT-Branche sein. Dazu geh\u00f6rt es, Standortnachteile f\u00fcr Rechenzentren auf allen Ebenen anzuprangern.\u201c<\/p>\n","protected":false},"excerpt":{"rendered":"<p>Digitalministerin Kristina Sinemus hat heute die Ergebnisse einer Studie der IKT-Branche in Hessen vorgestellt. Dazu erkl\u00e4rt der digitalpolitische Sprecher der Freien Demokraten im Hessischen Landtag, Oliver STIRB\u00d6CK: \u201eDie Internetknotenpunkte und [&#8230;]<\/p>\n","protected":false},"author":1,"featured_media":0,"comment_status":"open","ping_status":"closed","sticky":false,"template":"","format":"standard","meta":{"footnotes":""},"categories":[68],"tags":[635,660,2775],"class_list":["post-9163","post","type-post","status-publish","format-standard","hentry","category-digital","tag-fdp-hessen","tag-oliver-stirboeck","tag-rechenzentrum"],"_links":{"self":[{"href":"https:\/\/fdp-aktiv.de\/blog\/wp-json\/wp\/v2\/posts\/9163","targetHints":{"allow":["GET"]}}],"collection":[{"href":"https:\/\/fdp-aktiv.de\/blog\/wp-json\/wp\/v2\/posts"}],"about":[{"href":"https:\/\/fdp-aktiv.de\/blog\/wp-json\/wp\/v2\/types\/post"}],"author":[{"embeddable":true,"href":"https:\/\/fdp-aktiv.de\/blog\/wp-json\/wp\/v2\/users\/1"}],"replies":[{"embeddable":true,"href":"https:\/\/fdp-aktiv.de\/blog\/wp-json\/wp\/v2\/comments?post=9163"}],"version-history":[{"count":1,"href":"https:\/\/fdp-aktiv.de\/blog\/wp-json\/wp\/v2\/posts\/9163\/revisions"}],"predecessor-version":[{"id":9164,"href":"https:\/\/fdp-aktiv.de\/blog\/wp-json\/wp\/v2\/posts\/9163\/revisions\/9164"}],"wp:attachment":[{"href":"https:\/\/fdp-aktiv.de\/blog\/wp-json\/wp\/v2\/media?parent=9163"}],"wp:term":[{"taxonomy":"category","embeddable":true,"href":"https:\/\/fdp-aktiv.de\/blog\/wp-json\/wp\/v2\/categories?post=9163"},{"taxonomy":"post_tag","embeddable":true,"href":"https:\/\/fdp-aktiv.de\/blog\/wp-json\/wp\/v2\/tags?post=9163"}],"curies":[{"name":"wp","href":"https:\/\/api.w.org\/{rel}","templated":true}]}}