{"id":9183,"date":"2023-01-24T18:09:59","date_gmt":"2023-01-24T17:09:59","guid":{"rendered":"https:\/\/fdp-aktiv.de\/blog\/?p=9183"},"modified":"2023-01-24T18:10:24","modified_gmt":"2023-01-24T17:10:24","slug":"hamburg-kruse-streit-senat-darf-sich-nicht-weiter-im-elb-morast-verheddern","status":"publish","type":"post","link":"https:\/\/fdp-aktiv.de\/blog\/2023\/01\/24\/hamburg-kruse-streit-senat-darf-sich-nicht-weiter-im-elb-morast-verheddern\/","title":{"rendered":"Hamburg &#8211; Kruse: Streit-Senat darf sich nicht weiter im Elb-Morast verheddern"},"content":{"rendered":"<p><strong>Zum anhaltenden Streit zwischen B\u00fcrgermeister Tschentscher und Senator Kerstan zu Schlick und Windkraftausbau erkl\u00e4rt der FDP-Landesvorsitzende Michael Kruse, MdB:\u00a0<\/strong><\/p>\n<figure id=\"attachment_3130\" aria-describedby=\"caption-attachment-3130\" style=\"width: 800px\" class=\"wp-caption aligncenter\"><a href=\"https:\/\/fdp-aktiv.de\/blog\/wp-content\/uploads\/2021\/11\/Kruse.jpg\"><img loading=\"lazy\" decoding=\"async\" class=\"size-large wp-image-3130\" src=\"https:\/\/fdp-aktiv.de\/blog\/wp-content\/uploads\/2021\/11\/Kruse-1024x683.jpg\" alt=\"FDP Michael Kruse\" width=\"800\" height=\"534\" srcset=\"https:\/\/fdp-aktiv.de\/blog\/wp-content\/uploads\/2021\/11\/Kruse-1024x683.jpg 1024w, https:\/\/fdp-aktiv.de\/blog\/wp-content\/uploads\/2021\/11\/Kruse-300x200.jpg 300w, https:\/\/fdp-aktiv.de\/blog\/wp-content\/uploads\/2021\/11\/Kruse-768x512.jpg 768w, https:\/\/fdp-aktiv.de\/blog\/wp-content\/uploads\/2021\/11\/Kruse.jpg 1280w\" sizes=\"auto, (max-width: 800px) 100vw, 800px\" \/><\/a><figcaption id=\"caption-attachment-3130\" class=\"wp-caption-text\">FDP Michael Kruse, Hamburg, 08.07.2021<\/figcaption><\/figure>\n<p>\u201eDer\u00a0Streit-Senat darf sich nicht weiter im Elb-Morast verheddern. SPD und Gr\u00fcne setzen mit ihrer Dauer-Kakophonie\u00a0Hamburgs Zukunft aufs Spiel. Angefangen beim LNG-Terminal, fortgesetzt beim Elb-Schlick und nun beim so wichtigen Ausbau der Erneuerbaren: Zwei Jahre vor der B\u00fcrgerschaftswahl dominiert der Streit zwischen den Koalitionspartnern. Allen drei Themen ist gemein, dass sie f\u00fcr die Stadt von gro\u00dfer Bedeutung sind, w\u00e4hrend die politischen Erfolge von Rot-Gr\u00fcn dabei g\u00e4nzlich ausbleiben. Anstatt seine Energie in kleinteiligen Streits aufzubrauchen, sollte der B\u00fcrgermeister m\u00f6glichst bald erkl\u00e4ren, was eigentlich noch draufsteht auf der gemeinsamen Agenda des Senats, denn die trennenden Punkte sind mittlerweile der gesamten \u00d6ffentlichkeit weit \u00fcber Hamburg hinaus bekannt. Wie ein Senat mit gespaltener Zunge eine norddeutsche Einigung bei \u00fcberregionalen Projekten erreichen m\u00f6chte, bleibt wohl sein Geheimnis. Konstruktive Beitr\u00e4ge vermisse ich insbesondere von Umweltsenator Kerstan, der seine mangelnde L\u00f6sungsbereitschaft f\u00fcr das Herz der Hamburger Wirtschaft offen zur Schau stellt und gleichzeitig beim Ausbau der Erneuerbaren blockiert. Ich h\u00e4tte Verst\u00e4ndnis f\u00fcr die Entlassung des Underperformance-Senators.\u201c<\/p>\n<p>&nbsp;<\/p>\n","protected":false},"excerpt":{"rendered":"<p>Zum anhaltenden Streit zwischen B\u00fcrgermeister Tschentscher und Senator Kerstan zu Schlick und Windkraftausbau erkl\u00e4rt der FDP-Landesvorsitzende Michael Kruse, MdB:\u00a0 \u201eDer\u00a0Streit-Senat darf sich nicht weiter im Elb-Morast verheddern. SPD und Gr\u00fcne [&#8230;]<\/p>\n","protected":false},"author":1,"featured_media":0,"comment_status":"open","ping_status":"closed","sticky":false,"template":"","format":"standard","meta":{"footnotes":""},"categories":[1979],"tags":[1387,1982,1390,1519],"class_list":["post-9183","post","type-post","status-publish","format-standard","hentry","category-energie","tag-fdp-hamburg","tag-lng-terminal","tag-michael-kruse","tag-windkraft"],"_links":{"self":[{"href":"https:\/\/fdp-aktiv.de\/blog\/wp-json\/wp\/v2\/posts\/9183","targetHints":{"allow":["GET"]}}],"collection":[{"href":"https:\/\/fdp-aktiv.de\/blog\/wp-json\/wp\/v2\/posts"}],"about":[{"href":"https:\/\/fdp-aktiv.de\/blog\/wp-json\/wp\/v2\/types\/post"}],"author":[{"embeddable":true,"href":"https:\/\/fdp-aktiv.de\/blog\/wp-json\/wp\/v2\/users\/1"}],"replies":[{"embeddable":true,"href":"https:\/\/fdp-aktiv.de\/blog\/wp-json\/wp\/v2\/comments?post=9183"}],"version-history":[{"count":1,"href":"https:\/\/fdp-aktiv.de\/blog\/wp-json\/wp\/v2\/posts\/9183\/revisions"}],"predecessor-version":[{"id":9184,"href":"https:\/\/fdp-aktiv.de\/blog\/wp-json\/wp\/v2\/posts\/9183\/revisions\/9184"}],"wp:attachment":[{"href":"https:\/\/fdp-aktiv.de\/blog\/wp-json\/wp\/v2\/media?parent=9183"}],"wp:term":[{"taxonomy":"category","embeddable":true,"href":"https:\/\/fdp-aktiv.de\/blog\/wp-json\/wp\/v2\/categories?post=9183"},{"taxonomy":"post_tag","embeddable":true,"href":"https:\/\/fdp-aktiv.de\/blog\/wp-json\/wp\/v2\/tags?post=9183"}],"curies":[{"name":"wp","href":"https:\/\/api.w.org\/{rel}","templated":true}]}}