{"id":9253,"date":"2023-01-26T17:56:42","date_gmt":"2023-01-26T16:56:42","guid":{"rendered":"https:\/\/fdp-aktiv.de\/blog\/?p=9253"},"modified":"2023-01-26T17:56:42","modified_gmt":"2023-01-26T16:56:42","slug":"baden-wuerttemberg-stirboeck-open-data-ist-das-herzstueck-einer-innovativen-datenpolitik","status":"publish","type":"post","link":"https:\/\/fdp-aktiv.de\/blog\/2023\/01\/26\/baden-wuerttemberg-stirboeck-open-data-ist-das-herzstueck-einer-innovativen-datenpolitik\/","title":{"rendered":"Baden-W\u00fcrttemberg &#8211; STIRB\u00d6CK: Open Data ist das Herzst\u00fcck einer innovativen Datenpolitik"},"content":{"rendered":"<div class=\"clearfix text-formatted field field--name-body field--type-text-with-summary field--label-hidden field__item\">\n<ul>\n<li><strong>Datenbereitstellung muss f\u00fcr Beh\u00f6rden verpflichtend sein<\/strong><\/li>\n<li><strong>Schwarmintelligenz entscheidet \u00fcber Nutzen<\/strong><\/li>\n<\/ul>\n<figure id=\"attachment_3114\" aria-describedby=\"caption-attachment-3114\" style=\"width: 800px\" class=\"wp-caption aligncenter\"><a href=\"https:\/\/fdp-aktiv.de\/blog\/wp-content\/uploads\/2021\/11\/success-g20c098367_1280.jpg\"><img loading=\"lazy\" decoding=\"async\" class=\"size-large wp-image-3114\" src=\"https:\/\/fdp-aktiv.de\/blog\/wp-content\/uploads\/2021\/11\/success-g20c098367_1280-1024x641.jpg\" alt=\"\" width=\"800\" height=\"501\" srcset=\"https:\/\/fdp-aktiv.de\/blog\/wp-content\/uploads\/2021\/11\/success-g20c098367_1280-1024x641.jpg 1024w, https:\/\/fdp-aktiv.de\/blog\/wp-content\/uploads\/2021\/11\/success-g20c098367_1280-300x188.jpg 300w, https:\/\/fdp-aktiv.de\/blog\/wp-content\/uploads\/2021\/11\/success-g20c098367_1280-768x481.jpg 768w, https:\/\/fdp-aktiv.de\/blog\/wp-content\/uploads\/2021\/11\/success-g20c098367_1280.jpg 1280w\" sizes=\"auto, (max-width: 800px) 100vw, 800px\" \/><\/a><figcaption id=\"caption-attachment-3114\" class=\"wp-caption-text\">Bild von <a href=\"https:\/\/pixabay.com\/de\/users\/geralt-9301\/?utm_source=link-attribution&amp;utm_medium=referral&amp;utm_campaign=image&amp;utm_content=2917048\">Gerd Altmann<\/a> auf <a href=\"https:\/\/pixabay.com\/de\/?utm_source=link-attribution&amp;utm_medium=referral&amp;utm_campaign=image&amp;utm_content=2917048\">Pixabay<\/a><\/figcaption><\/figure>\n<p>\u201eAmbitionslos und schlecht\u201c &#8211; so beschreibt Oliver STIRB\u00d6CK, digitalpolitischer Sprecher der Freien Demokraten im Hessischen Landtag, das von der schwarz-gr\u00fcnen Koalition vorgelegte Open-Data-Gesetz, das heute in erster Lesung im Landtag beraten wird. \u201eDer Gesetzentwurf ist der Gipfel der Unverbindlichkeit, weil das Bereitstellen von Daten durch Beh\u00f6rden freiwillig bleibt. Die Bereitstellung von Daten ist aber das Herzst\u00fcck einer innovativen Datenpolitik und muss verpflichtend sein. Sie setzt den Datensilos der Verwaltungen ein Ende und erm\u00f6glicht T\u00fcftlern, Unternehmern, B\u00fcrgern und Datenjournalisten, Daten als der Gold der Digitalisierung zu nutzen\u201c, erkl\u00e4rt Stirb\u00f6ck. Die Freien Demokraten hatten in dieser Legislaturperiode selbst zahlreiche Initiativen zu offenen Daten vorgelegt.<\/p>\n<p>Stirb\u00f6ck gibt zu bedenken: \u201eEs ist nicht der Sinn, dass Open Data dort angeboten werden soll, wo beziehungsweise wann es der Verwaltung gef\u00e4llt.\u00a0Open Data besteht explizit darin, dass nicht die Beh\u00f6rden entscheiden, welcher Nutzen es wert ist, dass die Daten ver\u00f6ffentlicht werden, sondern dass die Unternehmen, die Wissensgesellschaft und die Zivilgesellschaft den Nutzen ergr\u00fcnden.\u201c Bei Open Data entscheide die Schwarmintelligenz, welche Daten Nutzen stiften und welche Daten nicht: \u201eNicht der Staat wei\u00df, welche Daten die B\u00fcrgergesellschaft, welche Daten die Wissensgesellschaft und welche Daten Gesch\u00e4ftsmodelle voranbringen, sondern die B\u00fcrger, die Wissenschaft und die Gesch\u00e4ftstreibenden wissen, wie man mit Daten die Gesch\u00e4fte, die Wirtschaft und die Wissenschaft vorantreiben kann. Die B\u00fcrger, die Wissenschaft und die Unternehmer sind kl\u00fcger als der Staat\u201c, sagt Stirb\u00f6ck.<\/p>\n<\/div>\n","protected":false},"excerpt":{"rendered":"<p>Datenbereitstellung muss f\u00fcr Beh\u00f6rden verpflichtend sein Schwarmintelligenz entscheidet \u00fcber Nutzen \u201eAmbitionslos und schlecht\u201c &#8211; so beschreibt Oliver STIRB\u00d6CK, digitalpolitischer Sprecher der Freien Demokraten im Hessischen Landtag, das von der schwarz-gr\u00fcnen [&#8230;]<\/p>\n","protected":false},"author":1,"featured_media":0,"comment_status":"open","ping_status":"closed","sticky":false,"template":"","format":"standard","meta":{"footnotes":""},"categories":[68],"tags":[650,660,1673],"class_list":["post-9253","post","type-post","status-publish","format-standard","hentry","category-digital","tag-fdp-dvp","tag-oliver-stirboeck","tag-open-data"],"_links":{"self":[{"href":"https:\/\/fdp-aktiv.de\/blog\/wp-json\/wp\/v2\/posts\/9253","targetHints":{"allow":["GET"]}}],"collection":[{"href":"https:\/\/fdp-aktiv.de\/blog\/wp-json\/wp\/v2\/posts"}],"about":[{"href":"https:\/\/fdp-aktiv.de\/blog\/wp-json\/wp\/v2\/types\/post"}],"author":[{"embeddable":true,"href":"https:\/\/fdp-aktiv.de\/blog\/wp-json\/wp\/v2\/users\/1"}],"replies":[{"embeddable":true,"href":"https:\/\/fdp-aktiv.de\/blog\/wp-json\/wp\/v2\/comments?post=9253"}],"version-history":[{"count":1,"href":"https:\/\/fdp-aktiv.de\/blog\/wp-json\/wp\/v2\/posts\/9253\/revisions"}],"predecessor-version":[{"id":9254,"href":"https:\/\/fdp-aktiv.de\/blog\/wp-json\/wp\/v2\/posts\/9253\/revisions\/9254"}],"wp:attachment":[{"href":"https:\/\/fdp-aktiv.de\/blog\/wp-json\/wp\/v2\/media?parent=9253"}],"wp:term":[{"taxonomy":"category","embeddable":true,"href":"https:\/\/fdp-aktiv.de\/blog\/wp-json\/wp\/v2\/categories?post=9253"},{"taxonomy":"post_tag","embeddable":true,"href":"https:\/\/fdp-aktiv.de\/blog\/wp-json\/wp\/v2\/tags?post=9253"}],"curies":[{"name":"wp","href":"https:\/\/api.w.org\/{rel}","templated":true}]}}