{"id":9271,"date":"2023-01-26T18:23:21","date_gmt":"2023-01-26T17:23:21","guid":{"rendered":"https:\/\/fdp-aktiv.de\/blog\/?p=9271"},"modified":"2023-01-26T18:23:21","modified_gmt":"2023-01-26T17:23:21","slug":"schleswig-holstein-bernd-buchholz-zu-einfuehrung-eines-digitalchecks","status":"publish","type":"post","link":"https:\/\/fdp-aktiv.de\/blog\/2023\/01\/26\/schleswig-holstein-bernd-buchholz-zu-einfuehrung-eines-digitalchecks\/","title":{"rendered":"Schleswig-Holstein &#8211; Bernd Buchholz zu &#8220;Einf\u00fchrung eines Digitalchecks&#8221;"},"content":{"rendered":"<p>In seiner Rede zu TOP 19+32 (Einf\u00fchrung eines Digitalchecks sowie Green-IT-Strategie entwickeln) erkl\u00e4rt der digitalisierungspolitische Sprecher der FDP-Landtagsfraktion,<strong>\u00a0Bernd Buchholz:<\/strong><\/p>\n<figure id=\"attachment_8117\" aria-describedby=\"caption-attachment-8117\" style=\"width: 700px\" class=\"wp-caption aligncenter\"><a href=\"https:\/\/fdp-aktiv.de\/blog\/wp-content\/uploads\/2022\/11\/1400-BDX4333.jpg\"><img loading=\"lazy\" decoding=\"async\" class=\"size-full wp-image-8117\" src=\"https:\/\/fdp-aktiv.de\/blog\/wp-content\/uploads\/2022\/11\/1400-BDX4333.jpg\" alt=\"Bernd Buchholz\" width=\"700\" height=\"441\" srcset=\"https:\/\/fdp-aktiv.de\/blog\/wp-content\/uploads\/2022\/11\/1400-BDX4333.jpg 700w, https:\/\/fdp-aktiv.de\/blog\/wp-content\/uploads\/2022\/11\/1400-BDX4333-300x189.jpg 300w\" sizes=\"auto, (max-width: 700px) 100vw, 700px\" \/><\/a><figcaption id=\"caption-attachment-8117\" class=\"wp-caption-text\">Bernd Buchholz<\/figcaption><\/figure>\n<p>\u201eDie Einf\u00fchrung eines Digitalchecks, der man mal \u00fcberpr\u00fcft, ob das, was man da per Gesetz oder Verordnung macht, der Digitalisierung n\u00fctzt oder sch\u00e4dlich ist, den brauchen wir dringend! Vor allem auch, weil diese Landesregierung ihn dringend braucht.<\/p>\n<p>In einer Stellungnahme, die zu einem aktuellen Gesetzesvorhaben der Landesregierung, dem E-Government-Gesetz, eingegangen ist, schreibt ein nicht unwichtiger Verband: \u201aDieses Gesetz wird daher die Digitalisierung der Kommunen verschlechtern, verlangsamen und verteuern.\u2018 Was f\u00fcr eine Stellungnahme? Wo kommt sie her? Der Absender ist: Der Wirtschaftsrat der CDU e.V.! Das\u00a0E-Government-Gesetz der Landesregierung ist beim Digitalcheck durchgefallen!<\/p>\n<p>Also, der Digitalcheck ist notwendig, das haben wir jetzt gesehen. Ihr E-Government-Gesetzentwurf, das d\u00fcrfen wir sagen, ist bei allen, die eine Stellungnahme abgegeben haben, durchgefallen. An dieser Stelle appelliere ich daf\u00fcr, dass Sie mit dem Digitalcheck den Gesetzentwurf pr\u00fcfen und dann ganz schnell zur\u00fcckziehen.<\/p>\n<p>Ich war davon \u00fcberrascht, dass die Landesregierung beim Thema Green-IT bereits eine f\u00fchrende Rolle einnimmt. Nur um dann anschlie\u00dfend zu sagen, dass man jetzt mal messen m\u00fcsse, wieviel Energie wir verbrauchen und wie hoch der CO2-Wert eigentlich ist. Das ist doch irre: Weil wir bis jetzt gar nichts wissen, sind wir f\u00fchrend.<\/p>\n<p>Es gibt noch mehr Fragestellungen, die sich aus Ihrem Antrag ergeben. So hei\u00dft es unter Punkt sechs: \u201aDie Landesregierung wird gebeten, Softwarel\u00f6sungen zu designen und gegebenenfalls anzupassen, dass diese einen Beitrag zur Klimaneutralit\u00e4t leisten oder m\u00f6glichst energieeffizient funktionieren\u2018. Wer in der Landesregierung von Ihnen, meine Damen und Herren, kann Softwarel\u00f6sungen designen?<\/p>\n<p>Dar\u00fcber hinaus soll \u201adie Green-IT-Strategie auf Unternehmen ausgerichtet und gepr\u00fcft werden, mit welchen Bedingungen und Unterst\u00fctzungsm\u00f6glichkeiten eine Ausweitung der Abw\u00e4rmenutzung auch in privaten Rechenzentren erfolgen kann.\u2018 Glauben Sie ernsthaft, dass Sie bei der Frage der Energieeffizienz den Privatunternehmen drau\u00dfen im Land als Landesregierung eine Fibel an die Hand geben m\u00fcssen, wie die das machen sollen? Ich glaube ehrlich gesagt, die Landesregierung braucht diese Fibel f\u00fcr sich selbst.\u201c<\/p>\n","protected":false},"excerpt":{"rendered":"<p>In seiner Rede zu TOP 19+32 (Einf\u00fchrung eines Digitalchecks sowie Green-IT-Strategie entwickeln) erkl\u00e4rt der digitalisierungspolitische Sprecher der FDP-Landtagsfraktion,\u00a0Bernd Buchholz: \u201eDie Einf\u00fchrung eines Digitalchecks, der man mal \u00fcberpr\u00fcft, ob das, was [&#8230;]<\/p>\n","protected":false},"author":1,"featured_media":0,"comment_status":"open","ping_status":"closed","sticky":false,"template":"","format":"standard","meta":{"footnotes":""},"categories":[68],"tags":[484,1807,814],"class_list":["post-9271","post","type-post","status-publish","format-standard","hentry","category-digital","tag-bernd-buchholz","tag-digital-check","tag-fdp-lsh"],"_links":{"self":[{"href":"https:\/\/fdp-aktiv.de\/blog\/wp-json\/wp\/v2\/posts\/9271","targetHints":{"allow":["GET"]}}],"collection":[{"href":"https:\/\/fdp-aktiv.de\/blog\/wp-json\/wp\/v2\/posts"}],"about":[{"href":"https:\/\/fdp-aktiv.de\/blog\/wp-json\/wp\/v2\/types\/post"}],"author":[{"embeddable":true,"href":"https:\/\/fdp-aktiv.de\/blog\/wp-json\/wp\/v2\/users\/1"}],"replies":[{"embeddable":true,"href":"https:\/\/fdp-aktiv.de\/blog\/wp-json\/wp\/v2\/comments?post=9271"}],"version-history":[{"count":1,"href":"https:\/\/fdp-aktiv.de\/blog\/wp-json\/wp\/v2\/posts\/9271\/revisions"}],"predecessor-version":[{"id":9272,"href":"https:\/\/fdp-aktiv.de\/blog\/wp-json\/wp\/v2\/posts\/9271\/revisions\/9272"}],"wp:attachment":[{"href":"https:\/\/fdp-aktiv.de\/blog\/wp-json\/wp\/v2\/media?parent=9271"}],"wp:term":[{"taxonomy":"category","embeddable":true,"href":"https:\/\/fdp-aktiv.de\/blog\/wp-json\/wp\/v2\/categories?post=9271"},{"taxonomy":"post_tag","embeddable":true,"href":"https:\/\/fdp-aktiv.de\/blog\/wp-json\/wp\/v2\/tags?post=9271"}],"curies":[{"name":"wp","href":"https:\/\/api.w.org\/{rel}","templated":true}]}}