{"id":9277,"date":"2023-01-28T07:19:25","date_gmt":"2023-01-28T06:19:25","guid":{"rendered":"https:\/\/fdp-aktiv.de\/blog\/?p=9277"},"modified":"2023-02-17T07:20:50","modified_gmt":"2023-02-17T06:20:50","slug":"ossi-quote-fuehrt-zu-neuer-benachteiligung-sachsens-fdp-gegen-plaene-des-ostbeauftragten","status":"publish","type":"post","link":"https:\/\/fdp-aktiv.de\/blog\/2023\/01\/28\/ossi-quote-fuehrt-zu-neuer-benachteiligung-sachsens-fdp-gegen-plaene-des-ostbeauftragten\/","title":{"rendered":"\u201eOssi-Quote\u201c f\u00fchrt zu neuer Benachteiligung \u2013 Sachsens FDP gegen Pl\u00e4ne des Ostbeauftragten"},"content":{"rendered":"<p>(Dresden, 28.01.2023) Deutschland braucht keine \u201eOssi-Quote\u201c. Die s\u00e4chsische FDP lehnt Pl\u00e4ne der Bundesregierung nach bevorzugter Einstellung von Menschen aus Sachsen, Sachsen-Anhalt, Th\u00fcringen, Mecklenburg-Vorpommern und Brandenburg ab.<\/p>\n<figure id=\"attachment_9278\" aria-describedby=\"caption-attachment-9278\" style=\"width: 800px\" class=\"wp-caption aligncenter\"><a href=\"https:\/\/fdp-aktiv.de\/blog\/wp-content\/uploads\/2023\/01\/Anita_Maass.jpg\"><img loading=\"lazy\" decoding=\"async\" class=\"size-large wp-image-9278\" src=\"https:\/\/fdp-aktiv.de\/blog\/wp-content\/uploads\/2023\/01\/Anita_Maass-1024x683.jpg\" alt=\"Anita Maa\u00df\" width=\"800\" height=\"534\" srcset=\"https:\/\/fdp-aktiv.de\/blog\/wp-content\/uploads\/2023\/01\/Anita_Maass-1024x683.jpg 1024w, https:\/\/fdp-aktiv.de\/blog\/wp-content\/uploads\/2023\/01\/Anita_Maass-300x200.jpg 300w, https:\/\/fdp-aktiv.de\/blog\/wp-content\/uploads\/2023\/01\/Anita_Maass-768x512.jpg 768w, https:\/\/fdp-aktiv.de\/blog\/wp-content\/uploads\/2023\/01\/Anita_Maass-1536x1024.jpg 1536w, https:\/\/fdp-aktiv.de\/blog\/wp-content\/uploads\/2023\/01\/Anita_Maass-2048x1366.jpg 2048w\" sizes=\"auto, (max-width: 800px) 100vw, 800px\" \/><\/a><figcaption id=\"caption-attachment-9278\" class=\"wp-caption-text\">Anita Maa\u00df<\/figcaption><\/figure>\n<p>\u201eWozu hat man jahrzehntelang f\u00fcr Gleichstellung gek\u00e4mpft, wenn jetzt doch wieder Herkunft zu einem Auswahlkriterium wird. Wir wollen nach Leistung und Kompetenz einstellen, statt aus guter Absicht Menschen wieder ungleich zu behandeln\u201c, sagt dazu Dr. Anita Maa\u00df, Vorsitzende der FDP Sachsen. Zudem stellt sich die Frage, ob man die nach 1990 im ehemaligen Staatsgebiet der DDR geborenen Menschen noch als die typischen Ostdeutschen im Sinne von ehemaligen DDR-B\u00fcrgern bezeichnen kann. Sie sind in der Bundesrepublik sozialisiert, haben bundesdeutsche Schulabschl\u00fcsse und Ausbildungen. Die DDR kennen sie nur noch aus den Geschichtsb\u00fcchern.<\/p>\n<p>Auch wenn der Ostbeauftrage der Bundesregierung, Carsten Schneider (SPD), verneint, eine \u201eOssi-Quote\u201c einf\u00fchren zu wollen, so laufen die von ihm angedachten Ma\u00dfnahmen darauf hinaus. \u201eKeine Frage, das Fazit der Untersuchung, dass nur wenige Ostdeutsche in Schl\u00fcsselpositionen sind, ist wichtig. Allerdings m\u00fcsste die Schlussfolgerung daraus f\u00fcr den Ostbeauftragten sein, dass er mehr Konsequenzen bei Verst\u00f6\u00dfen gegen Gleichstellung anmahnt und Vorschl\u00e4ge macht, wie man eine Bevorzugung entgegen von Leistungskriterien zuk\u00fcnftig verhindert\u201c, sagt Dr. Maa\u00df.<\/p>\n","protected":false},"excerpt":{"rendered":"<p>(Dresden, 28.01.2023) Deutschland braucht keine \u201eOssi-Quote\u201c. Die s\u00e4chsische FDP lehnt Pl\u00e4ne der Bundesregierung nach bevorzugter Einstellung von Menschen aus Sachsen, Sachsen-Anhalt, Th\u00fcringen, Mecklenburg-Vorpommern und Brandenburg ab. \u201eWozu hat man jahrzehntelang [&#8230;]<\/p>\n","protected":false},"author":1,"featured_media":0,"comment_status":"open","ping_status":"closed","sticky":false,"template":"","format":"standard","meta":{"footnotes":""},"categories":[6],"tags":[3098,1664,3041],"class_list":["post-9277","post","type-post","status-publish","format-standard","hentry","category-politik","tag-dr-anita-maass","tag-fdp-sachsen","tag-ossi-quote"],"_links":{"self":[{"href":"https:\/\/fdp-aktiv.de\/blog\/wp-json\/wp\/v2\/posts\/9277","targetHints":{"allow":["GET"]}}],"collection":[{"href":"https:\/\/fdp-aktiv.de\/blog\/wp-json\/wp\/v2\/posts"}],"about":[{"href":"https:\/\/fdp-aktiv.de\/blog\/wp-json\/wp\/v2\/types\/post"}],"author":[{"embeddable":true,"href":"https:\/\/fdp-aktiv.de\/blog\/wp-json\/wp\/v2\/users\/1"}],"replies":[{"embeddable":true,"href":"https:\/\/fdp-aktiv.de\/blog\/wp-json\/wp\/v2\/comments?post=9277"}],"version-history":[{"count":1,"href":"https:\/\/fdp-aktiv.de\/blog\/wp-json\/wp\/v2\/posts\/9277\/revisions"}],"predecessor-version":[{"id":9279,"href":"https:\/\/fdp-aktiv.de\/blog\/wp-json\/wp\/v2\/posts\/9277\/revisions\/9279"}],"wp:attachment":[{"href":"https:\/\/fdp-aktiv.de\/blog\/wp-json\/wp\/v2\/media?parent=9277"}],"wp:term":[{"taxonomy":"category","embeddable":true,"href":"https:\/\/fdp-aktiv.de\/blog\/wp-json\/wp\/v2\/categories?post=9277"},{"taxonomy":"post_tag","embeddable":true,"href":"https:\/\/fdp-aktiv.de\/blog\/wp-json\/wp\/v2\/tags?post=9277"}],"curies":[{"name":"wp","href":"https:\/\/api.w.org\/{rel}","templated":true}]}}