{"id":9281,"date":"2023-01-28T07:22:55","date_gmt":"2023-01-28T06:22:55","guid":{"rendered":"https:\/\/fdp-aktiv.de\/blog\/?p=9281"},"modified":"2023-01-28T07:22:55","modified_gmt":"2023-01-28T06:22:55","slug":"luksic-saarland-muss-auf-luxemburg-zugehen-und-gemeinsames-schienenkonzept-erarbeiten","status":"publish","type":"post","link":"https:\/\/fdp-aktiv.de\/blog\/2023\/01\/28\/luksic-saarland-muss-auf-luxemburg-zugehen-und-gemeinsames-schienenkonzept-erarbeiten\/","title":{"rendered":"Luksic: Saarland muss auf Luxemburg zugehen und gemeinsames Schienenkonzept erarbeiten"},"content":{"rendered":"<div>\n<div class=\"clearfix text-formatted field field--name-field-body field--type-text-long field--label-hidden field__item\">\n<p>Der saarl\u00e4ndische Bundestagsabgeordnete Oliver Luksic (FDP, PStS) fordert die Landesregierung auf, das Thema Schienenverbindung nach Luxemburg endlich auf die Agenda zu setzen.<\/p>\n<figure id=\"attachment_1484\" aria-describedby=\"caption-attachment-1484\" style=\"width: 652px\" class=\"wp-caption aligncenter\"><a href=\"https:\/\/fdp-aktiv.de\/blog\/wp-content\/uploads\/2021\/05\/luksic-oliver-fdp.jpg\"><img loading=\"lazy\" decoding=\"async\" class=\"size-full wp-image-1484\" src=\"https:\/\/fdp-aktiv.de\/blog\/wp-content\/uploads\/2021\/05\/luksic-oliver-fdp.jpg\" alt=\"Oliver Luksic, FDP\" width=\"652\" height=\"368\" srcset=\"https:\/\/fdp-aktiv.de\/blog\/wp-content\/uploads\/2021\/05\/luksic-oliver-fdp.jpg 652w, https:\/\/fdp-aktiv.de\/blog\/wp-content\/uploads\/2021\/05\/luksic-oliver-fdp-300x169.jpg 300w\" sizes=\"auto, (max-width: 652px) 100vw, 652px\" \/><\/a><figcaption id=\"caption-attachment-1484\" class=\"wp-caption-text\">Oliver Luksic, FDP<\/figcaption><\/figure>\n<p>\u201eW\u00e4hrend Luxemburgs Verkehrsminister Fran\u00e7ois Bausch bereits Vorschl\u00e4ge macht, wie man eine Zugverbindung zwischen Luxemburg und Saarbr\u00fccken \u00fcber Metz schaffen kann, herrscht bei der Landesregierung Funkstille. Denkbar w\u00e4re auch eine Verbindung \u00fcber Konz oder eine Route \u00fcber das Niedtal, aber leider fehlt hier jedweder Impuls der Landesregierung. Auch dieses Beispiel best\u00e4tigt meine Kritik am mangelnden Ehrgeiz in Sachen Schiene. Der Bund stellt dem Saarland 115 Millionen Euro Regionalisierungsmittel zur Verf\u00fcgung, das Land aber investiert hier viel zu wenig, wie alle Vergleichszahlen zeigen. Die Vorteile und Potenziale einer besseren Verkehrsverbindung zwischen Deutschland und Luxemburg f\u00fcr das Saarland liegen auf der Hand: Nicht nur Berufspendler w\u00fcrden von einer besseren Zuganbindung erheblich profitieren, der Fernverkehr in Saarbr\u00fccken w\u00fcrde auch zus\u00e4tzliches Aufkommen aus Luxemburg generieren und damit nachhaltig gest\u00e4rkt. Eine Verbindung Luxemburg-Saarbr\u00fccken war deshalb neben weiteren grenz\u00fcberschreitenden Mobilit\u00e4tsprojekten auch Thema meines Besuchs beim luxemburgischen Verkehrsminister Fran\u00e7ois Bausch Anfang des Jahres.\u201c<\/p>\n<\/div>\n<\/div>\n","protected":false},"excerpt":{"rendered":"<p>Der saarl\u00e4ndische Bundestagsabgeordnete Oliver Luksic (FDP, PStS) fordert die Landesregierung auf, das Thema Schienenverbindung nach Luxemburg endlich auf die Agenda zu setzen. \u201eW\u00e4hrend Luxemburgs Verkehrsminister Fran\u00e7ois Bausch bereits Vorschl\u00e4ge macht, [&#8230;]<\/p>\n","protected":false},"author":1,"featured_media":0,"comment_status":"open","ping_status":"closed","sticky":false,"template":"","format":"standard","meta":{"footnotes":""},"categories":[5,144],"tags":[708,3044,762,764],"class_list":["post-9281","post","type-post","status-publish","format-standard","hentry","category-aussenpolitik","category-verkehr-innenpolitik","tag-fdp-saar","tag-luxemburg","tag-oliver-luksic","tag-schienennetz"],"_links":{"self":[{"href":"https:\/\/fdp-aktiv.de\/blog\/wp-json\/wp\/v2\/posts\/9281","targetHints":{"allow":["GET"]}}],"collection":[{"href":"https:\/\/fdp-aktiv.de\/blog\/wp-json\/wp\/v2\/posts"}],"about":[{"href":"https:\/\/fdp-aktiv.de\/blog\/wp-json\/wp\/v2\/types\/post"}],"author":[{"embeddable":true,"href":"https:\/\/fdp-aktiv.de\/blog\/wp-json\/wp\/v2\/users\/1"}],"replies":[{"embeddable":true,"href":"https:\/\/fdp-aktiv.de\/blog\/wp-json\/wp\/v2\/comments?post=9281"}],"version-history":[{"count":1,"href":"https:\/\/fdp-aktiv.de\/blog\/wp-json\/wp\/v2\/posts\/9281\/revisions"}],"predecessor-version":[{"id":9283,"href":"https:\/\/fdp-aktiv.de\/blog\/wp-json\/wp\/v2\/posts\/9281\/revisions\/9283"}],"wp:attachment":[{"href":"https:\/\/fdp-aktiv.de\/blog\/wp-json\/wp\/v2\/media?parent=9281"}],"wp:term":[{"taxonomy":"category","embeddable":true,"href":"https:\/\/fdp-aktiv.de\/blog\/wp-json\/wp\/v2\/categories?post=9281"},{"taxonomy":"post_tag","embeddable":true,"href":"https:\/\/fdp-aktiv.de\/blog\/wp-json\/wp\/v2\/tags?post=9281"}],"curies":[{"name":"wp","href":"https:\/\/api.w.org\/{rel}","templated":true}]}}