{"id":9285,"date":"2023-01-28T07:31:54","date_gmt":"2023-01-28T06:31:54","guid":{"rendered":"https:\/\/fdp-aktiv.de\/blog\/?p=9285"},"modified":"2023-01-28T07:31:54","modified_gmt":"2023-01-28T06:31:54","slug":"baden-wuerttemberg-kern-fdp-erteilt-hybridunterricht-an-schulen-klare-absage","status":"publish","type":"post","link":"https:\/\/fdp-aktiv.de\/blog\/2023\/01\/28\/baden-wuerttemberg-kern-fdp-erteilt-hybridunterricht-an-schulen-klare-absage\/","title":{"rendered":"Baden-W\u00fcrttemberg &#8211; Kern: FDP erteilt Hybridunterricht an Schulen klare Absage"},"content":{"rendered":"<p>L\u00f6sung der gr\u00fcn-schwarz-hausgemachten Personalknappheit an Schulen kann nicht darin liegen, den Lehrk\u00f6rper weiter auszuquetschen und jungen Menschen zweitklassigen Unterricht aufzudr\u00e4ngen<\/p>\n<p>Zur Meldung, dass laut Landesregierung Hybridunterricht auch in Baden-W\u00fcrttemberg ein Thema werden k\u00f6nnte, sagt der bildungspolitische Sprecher der FDP\/DVP-Fraktion, <strong>Dr. Timm Kern<\/strong>:<\/p>\n<figure id=\"attachment_4661\" aria-describedby=\"caption-attachment-4661\" style=\"width: 800px\" class=\"wp-caption aligncenter\"><a href=\"https:\/\/fdp-aktiv.de\/blog\/wp-content\/uploads\/2022\/02\/web-190226_fdp_kern_2774_final_02.jpg\"><img loading=\"lazy\" decoding=\"async\" class=\"size-large wp-image-4661\" src=\"https:\/\/fdp-aktiv.de\/blog\/wp-content\/uploads\/2022\/02\/web-190226_fdp_kern_2774_final_02-1024x683.jpg\" alt=\"\" width=\"800\" height=\"534\" srcset=\"https:\/\/fdp-aktiv.de\/blog\/wp-content\/uploads\/2022\/02\/web-190226_fdp_kern_2774_final_02-1024x683.jpg 1024w, https:\/\/fdp-aktiv.de\/blog\/wp-content\/uploads\/2022\/02\/web-190226_fdp_kern_2774_final_02-300x200.jpg 300w, https:\/\/fdp-aktiv.de\/blog\/wp-content\/uploads\/2022\/02\/web-190226_fdp_kern_2774_final_02-768x512.jpg 768w, https:\/\/fdp-aktiv.de\/blog\/wp-content\/uploads\/2022\/02\/web-190226_fdp_kern_2774_final_02-1536x1024.jpg 1536w, https:\/\/fdp-aktiv.de\/blog\/wp-content\/uploads\/2022\/02\/web-190226_fdp_kern_2774_final_02.jpg 1920w\" sizes=\"auto, (max-width: 800px) 100vw, 800px\" \/><\/a><figcaption id=\"caption-attachment-4661\" class=\"wp-caption-text\">Dr. Timm Kern<\/figcaption><\/figure>\n<p>\u201eDer Bundesvorsitzende des VBE, Gerhard Brand, hat v\u00f6llig recht, wenn er sagt, dass es sich hierbei um eine \u201aTraumt\u00e4nzerei und eine Vorstellung aus dem M\u00e4rchenland der Bildungsromantik\u2018 handelt.<\/p>\n<p>Nach zwei Jahren coronabedingtem Homeschooling ist es wichtig, den Sch\u00fclerinnen und Sch\u00fclern regul\u00e4ren Pr\u00e4senzunterricht zu erm\u00f6glichen. Gerade der soziale Aspekt \u2013 zwischen Sch\u00fclerinnen und Sch\u00fclern, aber auch die Beziehungsebene zwischen Kind und Lehrkraft \u2013 muss nachhaltig gest\u00e4rkt werden. Nur so kann h\u00f6chstm\u00f6gliche Bildungsqualit\u00e4t gew\u00e4hrleistet werden.<\/p>\n<p>&nbsp;<\/p>\n<p>Deshalb erteilen wir Freie Demokraten der Idee eines Hybridunterrichts eine klare Absage. Die L\u00f6sung des von Gr\u00fcn-Schwarz hausgemachten Problems der Personalknappheit an Schulen kann nicht darin liegen, den Lehrk\u00f6rper weiter auszuquetschen und den jungen Menschen zweitklassigen Unterricht aufzudr\u00e4ngen. Die L\u00f6sung des Problems kann nur darin liegen, die eigene Personalstrategie im Bildungsstrategie zu \u00fcberdenken und den Lehrkr\u00e4fteberuf wieder attraktiv zu machen.\u201c<\/p>\n<p>&nbsp;<\/p>\n","protected":false},"excerpt":{"rendered":"<p>L\u00f6sung der gr\u00fcn-schwarz-hausgemachten Personalknappheit an Schulen kann nicht darin liegen, den Lehrk\u00f6rper weiter auszuquetschen und jungen Menschen zweitklassigen Unterricht aufzudr\u00e4ngen Zur Meldung, dass laut Landesregierung Hybridunterricht auch in Baden-W\u00fcrttemberg ein [&#8230;]<\/p>\n","protected":false},"author":1,"featured_media":0,"comment_status":"open","ping_status":"closed","sticky":false,"template":"","format":"standard","meta":{"footnotes":""},"categories":[34],"tags":[870,650,3045],"class_list":["post-9285","post","type-post","status-publish","format-standard","hentry","category-bildung","tag-dr-timm-kern","tag-fdp-dvp","tag-hybridunterricht"],"_links":{"self":[{"href":"https:\/\/fdp-aktiv.de\/blog\/wp-json\/wp\/v2\/posts\/9285","targetHints":{"allow":["GET"]}}],"collection":[{"href":"https:\/\/fdp-aktiv.de\/blog\/wp-json\/wp\/v2\/posts"}],"about":[{"href":"https:\/\/fdp-aktiv.de\/blog\/wp-json\/wp\/v2\/types\/post"}],"author":[{"embeddable":true,"href":"https:\/\/fdp-aktiv.de\/blog\/wp-json\/wp\/v2\/users\/1"}],"replies":[{"embeddable":true,"href":"https:\/\/fdp-aktiv.de\/blog\/wp-json\/wp\/v2\/comments?post=9285"}],"version-history":[{"count":1,"href":"https:\/\/fdp-aktiv.de\/blog\/wp-json\/wp\/v2\/posts\/9285\/revisions"}],"predecessor-version":[{"id":9286,"href":"https:\/\/fdp-aktiv.de\/blog\/wp-json\/wp\/v2\/posts\/9285\/revisions\/9286"}],"wp:attachment":[{"href":"https:\/\/fdp-aktiv.de\/blog\/wp-json\/wp\/v2\/media?parent=9285"}],"wp:term":[{"taxonomy":"category","embeddable":true,"href":"https:\/\/fdp-aktiv.de\/blog\/wp-json\/wp\/v2\/categories?post=9285"},{"taxonomy":"post_tag","embeddable":true,"href":"https:\/\/fdp-aktiv.de\/blog\/wp-json\/wp\/v2\/tags?post=9285"}],"curies":[{"name":"wp","href":"https:\/\/api.w.org\/{rel}","templated":true}]}}